{"id":76,"date":"2016-09-01T11:02:43","date_gmt":"2016-09-01T09:02:43","guid":{"rendered":"http:\/\/blog.otto-schmidt.de\/cfmueller\/?p=76"},"modified":"2022-06-23T11:51:09","modified_gmt":"2022-06-23T09:51:09","slug":"interview_petersen","status":"publish","type":"post","link":"https:\/\/blog.otto-schmidt.de\/cfmueller\/2016\/09\/01\/interview_petersen\/","title":{"rendered":"Drei Fragen an Prof. Dr. Jens Petersen"},"content":{"rendered":"<p><img loading=\"lazy\" class=\"alignnone size-medium wp-image-78\" src=\"https:\/\/blog.otto-schmidt.de\/cfmueller\/wp-content\/uploads\/sites\/18\/2016\/09\/Jens-Pertersen-neu-300x239.jpg\" alt=\"\" width=\"300\" height=\"239\" srcset=\"https:\/\/blog.otto-schmidt.de\/cfmueller\/wp-content\/uploads\/sites\/18\/2016\/09\/Jens-Pertersen-neu-300x239.jpg 300w, https:\/\/blog.otto-schmidt.de\/cfmueller\/wp-content\/uploads\/sites\/18\/2016\/09\/Jens-Pertersen-neu-768x611.jpg 768w, https:\/\/blog.otto-schmidt.de\/cfmueller\/wp-content\/uploads\/sites\/18\/2016\/09\/Jens-Pertersen-neu.jpg 842w\" sizes=\"(max-width: 300px) 100vw, 300px\" \/><\/p>\n<p><strong>Was bedeutet Ihnen der \u201eAllgemeine Teil\u201c von Dieter Medicus?<\/strong><br \/>\nEs war das erste juristische Lehrbuch, das ich in meinem Studium durchgearbeitet habe. Mich beeindruckte, wie lebensnah Medicus argumentierte. Erst sp\u00e4ter begriff ich, dass er auf diese Weise juristische Prinzipien, vor allem die Privatautonomie, zwanglos zur Geltung brachte.<\/p>\n<p><strong>Haben Sie viel an dem Werk ge\u00e4ndert?<\/strong><br \/>\nEiniges musste angeglichen werden, weil zwischenzeitlich examensrelevante Rechtsprechung ergangen war. Aber die Grundkonzeption von Medicus wollte ich unbedingt bewahren und m\u00f6glichst auch seine eigene Handschrift erkennen lassen. Weil ich \u00fcberzeugt bin, dass sich darin nicht nur sein juristisches Denken abbildet, sondern diese besondere Art der Darstellung weiterhin lehrreich ist.<\/p>\n<p><strong>Konnten Sie sich mit ihm dar\u00fcber noch vor seinem Lebensende austauschen?<\/strong><br \/>\nZum Gl\u00fcck ja, und daf\u00fcr bin ich unendlich dankbar. Wir haben uns seit Ende vorletzten Jahres in l\u00e4ngeren Telefongespr\u00e4chen \u00fcber das Buch ausgetauscht. Er hatte sich bis zuletzt seine juristische Neugier bewahrt. Und was vielleicht das Wichtigste ist: Er dachte auch mit seinen 85 Jahren nie abgehoben, sondern immer in den Kategorien der Anspruchspr\u00fcfung, also genau so, wie es die Studierenden in der Klausur tun m\u00fcssen.<\/p>\n<p><a href=\"https:\/\/www.uni-potsdam.de\/de\/ls-petersen\/zur-person\" target=\"_blank\" rel=\"noopener\">Prof. Dr. Jens Petersen<\/a> ist Inhaber des Lehrstuhls f\u00fcr B\u00fcrgerliches Recht, Deutsches und Internationales Wirtschaftsrecht an der Universit\u00e4t Potsdam. Er ist neuer Autor des Lehrbuchklassikers zum Allgemeinen Teil des BGB.<\/p>\n","protected":false},"excerpt":{"rendered":"<p>Was bedeutet Ihnen der \u201eAllgemeine Teil\u201c von Dieter Medicus? Es war das erste juristische Lehrbuch, das ich in meinem Studium durchgearbeitet habe. Mich beeindruckte, wie lebensnah Medicus argumentierte. Erst sp\u00e4ter begriff ich, dass er auf diese Weise juristische Prinzipien, vor allem die Privatautonomie, zwanglos zur Geltung brachte. Haben Sie viel an dem Werk ge\u00e4ndert? Einiges [&hellip;]<\/p>\n","protected":false},"author":504,"featured_media":0,"comment_status":"closed","ping_status":"closed","sticky":false,"template":"","format":"standard","meta":[],"categories":[1],"tags":[],"_links":{"self":[{"href":"https:\/\/blog.otto-schmidt.de\/cfmueller\/wp-json\/wp\/v2\/posts\/76"}],"collection":[{"href":"https:\/\/blog.otto-schmidt.de\/cfmueller\/wp-json\/wp\/v2\/posts"}],"about":[{"href":"https:\/\/blog.otto-schmidt.de\/cfmueller\/wp-json\/wp\/v2\/types\/post"}],"author":[{"embeddable":true,"href":"https:\/\/blog.otto-schmidt.de\/cfmueller\/wp-json\/wp\/v2\/users\/504"}],"replies":[{"embeddable":true,"href":"https:\/\/blog.otto-schmidt.de\/cfmueller\/wp-json\/wp\/v2\/comments?post=76"}],"version-history":[{"count":3,"href":"https:\/\/blog.otto-schmidt.de\/cfmueller\/wp-json\/wp\/v2\/posts\/76\/revisions"}],"predecessor-version":[{"id":80,"href":"https:\/\/blog.otto-schmidt.de\/cfmueller\/wp-json\/wp\/v2\/posts\/76\/revisions\/80"}],"wp:attachment":[{"href":"https:\/\/blog.otto-schmidt.de\/cfmueller\/wp-json\/wp\/v2\/media?parent=76"}],"wp:term":[{"taxonomy":"category","embeddable":true,"href":"https:\/\/blog.otto-schmidt.de\/cfmueller\/wp-json\/wp\/v2\/categories?post=76"},{"taxonomy":"post_tag","embeddable":true,"href":"https:\/\/blog.otto-schmidt.de\/cfmueller\/wp-json\/wp\/v2\/tags?post=76"}],"curies":[{"name":"wp","href":"https:\/\/api.w.org\/{rel}","templated":true}]}}