{"id":458,"date":"2019-10-21T12:41:39","date_gmt":"2019-10-21T10:41:39","guid":{"rendered":"https:\/\/blog.otto-schmidt.de\/gesellschaftsrecht\/?p=458"},"modified":"2019-10-21T12:42:09","modified_gmt":"2019-10-21T10:42:09","slug":"erbschaftsteuer-richtlinien-2019","status":"publish","type":"post","link":"https:\/\/blog.otto-schmidt.de\/gesellschaftsrecht\/2019\/10\/21\/erbschaftsteuer-richtlinien-2019\/","title":{"rendered":"Erbschaftsteuer-Richtlinien 2019"},"content":{"rendered":"<p>Der Bundesrat hat den Erbschaftsteuer-Richtlinien 2019 am 11.10.2019 zugestimmt (BR-Drs. 387\/19 (Beschluss)). Die ErbStR 2019 treten an die Stelle der bislang geltenden ErbStR 2011.<\/p>\n<p>Die neuen ErbStR 2019 ber\u00fccksichtigen insbesondere die \u00c4nderungen durch das \u201e<em>Gesetz zur Anpassung des Erbschaft- und Schenkungsteuergesetzes an die Rechtsprechung des Bundesverfassungsgerichts vom 04.11.2016\u201c<\/em> (BGBl. I 2016,\u00a0 2464). Die Finanzverwaltung hatte dazu mehrere Anwendungserlasse ver\u00f6ffentlicht (BStBl. I 2017, 902). Diese wurden nunmehr in die ErbStR 2019 \u00fcbernommen. Die abweichende Auffassung der bayerischen Finanzverwaltung hatte dabei keinen Bestand. Die ErbStR 2019 gelten jetzt wieder bundesweit einheitlich.<\/p>\n<p>Die jetzt beschlossene Fassung der ErbStR 2019 entspricht weitgehend dem bereits im Dezember 2018 ver\u00f6ffentlichten Entwurf. Die zahlreichen \u00c4nderungsvorschl\u00e4ge &#8211; zuletzt etwa des Finanzausschusses des Bundesrats (BR-Drs. 387\/1\/19 vom 30.9.2019) &#8211; wurden demnach nicht ber\u00fccksichtigt.<\/p>\n<p>Die Hinweise zu den ErbStR 2019 liegen bislang noch nicht vor. Dem Vernehmen ist mit einer Ver\u00f6ffentlichung erst Ende 2019\/Anfang 2020 zu rechnen.<\/p>\n<p>Die ErbStR 2019 dienen der <em>\u201esachgerechte(n) und umfassende(n) Unterrichtung der Finanz\u00e4mter sowie der Steuerpflichtigen und ihrer Berater\u201c<\/em>. F\u00fcr die Finanzverwaltung sind die Richtlinien bindend, nicht aber f\u00fcr die Gerichte. Steuerpflichtige sollten sich daher auf die Richtlinienbestimmungen zu ihren Gunsten berufen. Bei Regelungen zu ihren Lasten sollten sie dagegen stets eine gerichtliche Pr\u00fcfung in Betracht ziehen.<\/p>\n","protected":false},"excerpt":{"rendered":"<p>Der Bundesrat hat den Erbschaftsteuer-Richtlinien 2019 am 11.10.2019 zugestimmt (BR-Drs. 387\/19 (Beschluss)). Die ErbStR 2019 treten an die Stelle der bislang geltenden ErbStR 2011. Die neuen ErbStR 2019 ber\u00fccksichtigen insbesondere die \u00c4nderungen durch das \u201eGesetz zur Anpassung des Erbschaft- und Schenkungsteuergesetzes an die Rechtsprechung des Bundesverfassungsgerichts vom 04.11.2016\u201c (BGBl. I 2016,\u00a0 2464). Die Finanzverwaltung hatte [&hellip;]<\/p>\n","protected":false},"author":287,"featured_media":0,"comment_status":"open","ping_status":"closed","sticky":false,"template":"","format":"standard","meta":{"_links_to":"","_links_to_target":""},"categories":[144,34],"tags":[145],"_links":{"self":[{"href":"https:\/\/blog.otto-schmidt.de\/gesellschaftsrecht\/wp-json\/wp\/v2\/posts\/458"}],"collection":[{"href":"https:\/\/blog.otto-schmidt.de\/gesellschaftsrecht\/wp-json\/wp\/v2\/posts"}],"about":[{"href":"https:\/\/blog.otto-schmidt.de\/gesellschaftsrecht\/wp-json\/wp\/v2\/types\/post"}],"author":[{"embeddable":true,"href":"https:\/\/blog.otto-schmidt.de\/gesellschaftsrecht\/wp-json\/wp\/v2\/users\/287"}],"replies":[{"embeddable":true,"href":"https:\/\/blog.otto-schmidt.de\/gesellschaftsrecht\/wp-json\/wp\/v2\/comments?post=458"}],"version-history":[{"count":3,"href":"https:\/\/blog.otto-schmidt.de\/gesellschaftsrecht\/wp-json\/wp\/v2\/posts\/458\/revisions"}],"predecessor-version":[{"id":462,"href":"https:\/\/blog.otto-schmidt.de\/gesellschaftsrecht\/wp-json\/wp\/v2\/posts\/458\/revisions\/462"}],"wp:attachment":[{"href":"https:\/\/blog.otto-schmidt.de\/gesellschaftsrecht\/wp-json\/wp\/v2\/media?parent=458"}],"wp:term":[{"taxonomy":"category","embeddable":true,"href":"https:\/\/blog.otto-schmidt.de\/gesellschaftsrecht\/wp-json\/wp\/v2\/categories?post=458"},{"taxonomy":"post_tag","embeddable":true,"href":"https:\/\/blog.otto-schmidt.de\/gesellschaftsrecht\/wp-json\/wp\/v2\/tags?post=458"}],"curies":[{"name":"wp","href":"https:\/\/api.w.org\/{rel}","templated":true}]}}