{"id":1430,"date":"2019-08-15T12:19:27","date_gmt":"2019-08-15T10:19:27","guid":{"rendered":"https:\/\/blog.otto-schmidt.de\/mdr\/?p=1430"},"modified":"2019-08-15T12:26:05","modified_gmt":"2019-08-15T10:26:05","slug":"neue-ausgabe-der-gvrz-2019-und-hinweis-auf-die-5-tagung-junger-prozessrechtswissenschaftlerinnen","status":"publish","type":"post","link":"https:\/\/blog.otto-schmidt.de\/mdr\/2019\/08\/15\/neue-ausgabe-der-gvrz-2019-und-hinweis-auf-die-5-tagung-junger-prozessrechtswissenschaftlerinnen\/","title":{"rendered":"Neue Ausgabe der GVRZ (2\/2019) und Hinweis auf die 5. Tagung Junger ProzessrechtswissenschaftlerInnen"},"content":{"rendered":"<p>K\u00fcrzlich ist die aktuelle Ausgabe 02\/2019 der <strong>Zeitschrift f\u00fcr das gesamte Verfahrensrecht (GVRZ)<\/strong> erschienen. Sie dient ebenso wie die vergangene Ausgabe dazu, die auf der 4. Tagung Junger ProzessrechtswissenschaftlerInnen 2018 gehaltenen Vortr\u00e4ge zu publizieren, und steht im Zeichen rechtsgebiets\u00fcbergreifender, rechtsvergleichender und rechtspolitischer Beitr\u00e4ge, die sich mit der Rolle der H\u00f6chstgerichtsbarkeit als Gestalterin und Wahrerin des Rechts befassen.<\/p>\n<p>So nimmt Dr. Anna Katharina Struth den Rechtsprechungsdialog zwischen dem \u00f6sterreichischen Verfassungsgerichtshof und dem Europ\u00e4ischen Gerichtshof f\u00fcr Menschenrechte in den Blick, wobei sie sich auf Divergenzen in der Rechtsprechung beider Gerichtsh\u00f6fe fokussiert.<\/p>\n<p>Dr. Ralph Zimmermann analysiert in seinem Beitrag, inwieweit den H\u00f6chstgerichten der Mitgliedstaaten die Rolle eines rechtskulturellen \u00dcbersetzers der Rechtsprechung des Europ\u00e4ischen Gerichtshofs zukommt.<\/p>\n<p>Dr. Stefan Klingbeil, LL.M. (Yale) w\u00fcrdigt kritisch die \u00a7\u00a7 555 Abs. 3, 565 S. 2 ZPO, mit denen der Gesetzgeber die M\u00f6glichkeiten des Anerkenntnisses und der Rechtsmittelr\u00fccknahme in der Revisionsinstanz eingeschr\u00e4nkt hat, um zu verhindern, dass Unternehmen den Erlass f\u00fcr sie nachteiliger Grundsatzentscheidungen verhindern; der Verfasser pl\u00e4diert de lege ferenda daf\u00fcr, Streitentscheidung und Normbildung im zivilprozessualen Revisionsverfahren zu entkoppeln.<\/p>\n<p>Dr. Josef M\u00fcller befasst sich mit der Praxis der \u00f6sterreichischen H\u00f6chstgerichte im Umgang mit ihren \u201eT\u00fcrh\u00fctern\u201c, womit die Instrumentarien des Ablehnungsrechts sowie des Zulassungsmodells gemeint sind, mit denen eine \u00dcberlastung der H\u00f6chstgerichte vermieden werden sollen.<\/p>\n<p>Am Beispiel des (deutschen) BVerwG zeigt Dr. Benedikt Beckermann auf, dass den H\u00f6chstgerichten auch eine Vereinheitlichungsfunktion zukommt, die jedoch gerade das BVerwG aufgrund materiell-rechtlicher und verfahrensrechtlicher Besonderheiten nur eingeschr\u00e4nkt wahrnehmen kann. Im Bereich der Massenverfahren pl\u00e4diert der Autor vor diesem Hintergrund f\u00fcr einen Diskurs \u00fcber breitere Optionen der M\u00f6glichkeit von Musterverfahren.<\/p>\n<p>Dem Strafprozessrecht widmet sich Dr. Robert Pest, der sich kritisch mit Tendenzen in der Rechtsprechung auseinandersetzt, an die strafprozessuale Revision sachlich nicht zu rechtfertigende Substantiierungsanforderungen zu stellen, die dem Rechtsschutzbed\u00fcrfnis des Revisionsf\u00fchrers nicht gerecht werden.<\/p>\n<p>Dr. Denise Wiedemann, LL.M. (Lissabon) geht schlie\u00dflich der Frage nach, inwieweit eine st\u00e4rkere Medienpr\u00e4senz der RichterInnen in Brasilien mit einer erweiterten \u00d6ffentlichkeit von Gerichtsverhandlungen einhergeht.<\/p>\n<p>Neben einer Rezension Dr. Anne Paschkes Dissertation \u201eDigitale Gerichts\u00f6ffentlichkeit. Informationstechnische Ma\u00dfnahmen, rechtliche Grenzen und gesellschaftliche Aspekte der \u00d6ffentlichkeitsgew\u00e4hr\u201c (Rezensent: Martin Lutschounig) wartet das Heft zudem mit einer von Prof. Dr. Olaf Muthorst erstellten Dokumentation verfahrensrechtlicher Literatur auf.<\/p>\n<p>Hinweisen m\u00f6chten wir an dieser Stelle zudem auf die <strong>5. Tagung Junger ProzessrechtswissenschaftlerInnen<\/strong>, die am 4. und 5. Oktober 2019 unter dem Generalthema \u201eEffizienz als Zeitgeist \u2013 Wieviel \u00d6konomie vertr\u00e4gt das Prozessrecht?\u201c an der Georgs-August-Universit\u00e4t G\u00f6ttingen stattfindet. N\u00e4here Informationen zur Tagung finden sich unter https:\/\/www.uni-goettingen.de\/de\/605878.html.<\/p>\n","protected":false},"excerpt":{"rendered":"<p>K\u00fcrzlich ist die aktuelle Ausgabe 02\/2019 der Zeitschrift f\u00fcr das gesamte Verfahrensrecht (GVRZ) erschienen. Sie dient ebenso wie die vergangene Ausgabe dazu, die auf der 4. Tagung Junger ProzessrechtswissenschaftlerInnen 2018 gehaltenen Vortr\u00e4ge zu publizieren, und steht im Zeichen rechtsgebiets\u00fcbergreifender, rechtsvergleichender und rechtspolitischer Beitr\u00e4ge, die sich mit der Rolle der H\u00f6chstgerichtsbarkeit als Gestalterin und Wahrerin des [&hellip;]<\/p>\n","protected":false},"author":326,"featured_media":0,"comment_status":"open","ping_status":"closed","sticky":false,"template":"","format":"standard","meta":[],"categories":[1],"tags":[],"_links":{"self":[{"href":"https:\/\/blog.otto-schmidt.de\/mdr\/wp-json\/wp\/v2\/posts\/1430"}],"collection":[{"href":"https:\/\/blog.otto-schmidt.de\/mdr\/wp-json\/wp\/v2\/posts"}],"about":[{"href":"https:\/\/blog.otto-schmidt.de\/mdr\/wp-json\/wp\/v2\/types\/post"}],"author":[{"embeddable":true,"href":"https:\/\/blog.otto-schmidt.de\/mdr\/wp-json\/wp\/v2\/users\/326"}],"replies":[{"embeddable":true,"href":"https:\/\/blog.otto-schmidt.de\/mdr\/wp-json\/wp\/v2\/comments?post=1430"}],"version-history":[{"count":2,"href":"https:\/\/blog.otto-schmidt.de\/mdr\/wp-json\/wp\/v2\/posts\/1430\/revisions"}],"predecessor-version":[{"id":1432,"href":"https:\/\/blog.otto-schmidt.de\/mdr\/wp-json\/wp\/v2\/posts\/1430\/revisions\/1432"}],"wp:attachment":[{"href":"https:\/\/blog.otto-schmidt.de\/mdr\/wp-json\/wp\/v2\/media?parent=1430"}],"wp:term":[{"taxonomy":"category","embeddable":true,"href":"https:\/\/blog.otto-schmidt.de\/mdr\/wp-json\/wp\/v2\/categories?post=1430"},{"taxonomy":"post_tag","embeddable":true,"href":"https:\/\/blog.otto-schmidt.de\/mdr\/wp-json\/wp\/v2\/tags?post=1430"}],"curies":[{"name":"wp","href":"https:\/\/api.w.org\/{rel}","templated":true}]}}