{"id":2421,"date":"2023-02-14T12:17:51","date_gmt":"2023-02-14T11:17:51","guid":{"rendered":"https:\/\/blog.otto-schmidt.de\/mdr\/?p=2421"},"modified":"2023-02-14T12:17:51","modified_gmt":"2023-02-14T11:17:51","slug":"bgh-unpfaendbarkeit-des-pflegegeldes","status":"publish","type":"post","link":"https:\/\/blog.otto-schmidt.de\/mdr\/2023\/02\/14\/bgh-unpfaendbarkeit-des-pflegegeldes\/","title":{"rendered":"BGH: Unpf\u00e4ndbarkeit des Pflegegeldes"},"content":{"rendered":"<p>In einem Verfahren vor dem BGH (Beschl. v. 20.10.2022 \u2013 IX ZB 12\/22, <a href=\"https:\/\/online.otto-schmidt.de\/db\/dokument?id=mdr.2023.03.i.0187.02.e\">MDR 2023, 187<\/a>) ging es um die Einkommensberechnung einer Schuldnerin im Rahmen eines Insolvenzverfahrens. Der Sohn der Schuldnerin ist pflegebed\u00fcrftig. Die Schuldnerin selbst \u00fcbernimmt die Pflege. Das Pflegegeld, das dem Sohn zusteht, wird von diesem an die Schuldnerin weitergeleitet. Die Frage ist nun, ob dieses Geld bei der Schuldnerin als Einkommen zu ber\u00fccksichtigen ist.<\/p>\n<p>Gem\u00e4\u00df \u00a7 36 Abs. 1 InsO geh\u00f6rt sonstiges Einkommen des Schuldners, das nicht gepf\u00e4ndet werden darf, nicht zur Insolvenzmasse. Damit wird \u00fcber \u00a7 36 Abs. 1 Satz 2 InsO auch \u00a7 850e ZPO anwendbar, insbesondere die Nrn. 2. und 2a (Arbeitseinkommen wird mit Sozialleistungen zusammengerechnet soweit diese der Pf\u00e4ndbarkeit unterworfen sind).<\/p>\n<p>Zun\u00e4chst ist darauf hinzuweisen, dass \u00a7 54 Abs. 3 Nr. 3 SGB I (Unpf\u00e4ndbarkeit von Geldleistungen, die K\u00f6rperschaden ausgleichen) nicht einschl\u00e4gig ist, denn die Schuldnerin selbst ist nicht pflegebed\u00fcrftig (vgl. auch \u00a7 14 SGB XI). Das Pflegegeld ist eine Leistung der Pflegeversicherung an den Pflegebed\u00fcrftigen. Das Pflegegeld bleibt bei Unterhaltsanspr\u00fcchen und -verpflichtungen gem\u00e4\u00df \u00a7 13 Abs. 4 Satz 1 SGB XI unber\u00fccksichtigt. Daraus folgt, dass es im \u00dcbrigen an sich den allgemeinen Vorschriften der ZPO unterf\u00e4llt.<\/p>\n<p>Allerdings bejaht der BGH sodann die Voraussetzungen des \u00a7 851 Abs. 1 ZPO i. V. m. \u00a7 399 BGB. Das Pflegegeld unterf\u00e4llt \u00a7 399 Abs. 1 BGB. Die Leistung kann nicht ohne Ver\u00e4nderung ihres Inhaltes erfolgen, da hier die Leistung mit der Person so verkn\u00fcpft ist, dass sie, w\u00fcrde sie ein anderer erbringen, als eine andere Leistung erscheinen wird. Eine andere Sicht der Dinge w\u00fcrde zudem auch den Zielen der Pflege, eine Betreuung in der h\u00e4uslichen Atmosph\u00e4re zu erm\u00f6glichen, entgegenlaufen. Hinzu kommt, dass der Pflegebed\u00fcrftige in seiner Entscheidung \u00fcber die Verwendung des Pflegegeldes frei ist.<\/p>\n<p>Die zuvor streitige Frage ist daher nunmehr f\u00fcr die Praxis abschlie\u00dfend gekl\u00e4rt. Pflegegeld, das von dem Pflegebed\u00fcrftigen an einen Pflegenden weitergeleitet wird, die die Pflege erbringt, ist bei diesem Pflegenden unpf\u00e4ndbar. Es ist bei der Einkommensberechnung daher nicht mit anderem Einkommen des Pflegenden zusammenzurechnen.<\/p>\n","protected":false},"excerpt":{"rendered":"<p>In einem Verfahren vor dem BGH (Beschl. v. 20.10.2022 \u2013 IX ZB 12\/22, MDR 2023, 187) ging es um die Einkommensberechnung einer Schuldnerin im Rahmen eines Insolvenzverfahrens. Der Sohn der Schuldnerin ist pflegebed\u00fcrftig. Die Schuldnerin selbst \u00fcbernimmt die Pflege. Das Pflegegeld, das dem Sohn zusteht, wird von diesem an die Schuldnerin weitergeleitet. Die Frage ist [&hellip;]<\/p>\n","protected":false},"author":13,"featured_media":0,"comment_status":"open","ping_status":"closed","sticky":false,"template":"","format":"standard","meta":[],"categories":[1305,2],"tags":[2318,2319],"_links":{"self":[{"href":"https:\/\/blog.otto-schmidt.de\/mdr\/wp-json\/wp\/v2\/posts\/2421"}],"collection":[{"href":"https:\/\/blog.otto-schmidt.de\/mdr\/wp-json\/wp\/v2\/posts"}],"about":[{"href":"https:\/\/blog.otto-schmidt.de\/mdr\/wp-json\/wp\/v2\/types\/post"}],"author":[{"embeddable":true,"href":"https:\/\/blog.otto-schmidt.de\/mdr\/wp-json\/wp\/v2\/users\/13"}],"replies":[{"embeddable":true,"href":"https:\/\/blog.otto-schmidt.de\/mdr\/wp-json\/wp\/v2\/comments?post=2421"}],"version-history":[{"count":3,"href":"https:\/\/blog.otto-schmidt.de\/mdr\/wp-json\/wp\/v2\/posts\/2421\/revisions"}],"predecessor-version":[{"id":2451,"href":"https:\/\/blog.otto-schmidt.de\/mdr\/wp-json\/wp\/v2\/posts\/2421\/revisions\/2451"}],"wp:attachment":[{"href":"https:\/\/blog.otto-schmidt.de\/mdr\/wp-json\/wp\/v2\/media?parent=2421"}],"wp:term":[{"taxonomy":"category","embeddable":true,"href":"https:\/\/blog.otto-schmidt.de\/mdr\/wp-json\/wp\/v2\/categories?post=2421"},{"taxonomy":"post_tag","embeddable":true,"href":"https:\/\/blog.otto-schmidt.de\/mdr\/wp-json\/wp\/v2\/tags?post=2421"}],"curies":[{"name":"wp","href":"https:\/\/api.w.org\/{rel}","templated":true}]}}