{"id":3647,"date":"2025-04-09T12:25:37","date_gmt":"2025-04-09T10:25:37","guid":{"rendered":"https:\/\/blog.otto-schmidt.de\/mdr\/?p=3647"},"modified":"2025-04-09T12:25:37","modified_gmt":"2025-04-09T10:25:37","slug":"bgh-kostenaufbringung-der-bundesagentur-fuer-arbeit-im-rahmen-der-pkh","status":"publish","type":"post","link":"https:\/\/blog.otto-schmidt.de\/mdr\/2025\/04\/09\/bgh-kostenaufbringung-der-bundesagentur-fuer-arbeit-im-rahmen-der-pkh\/","title":{"rendered":"BGH: Kostenaufbringung der Bundesagentur f\u00fcr Arbeit im Rahmen der PKH"},"content":{"rendered":"<p>In einer in der \u201eInsolvenzverwalterszene\u201c durchaus mit Spannung erwarteten Entscheidung hat der BGH (<a href=\"https:\/\/online.otto-schmidt.de\/db\/dokument?id=rs.bgh.20250213.ixzb27\/24\">Beschl. v. 13.2.2025 &#8211; IX ZB 27\/24<\/a>) an seiner Auffassung, der Bundesagentur f\u00fcr Arbeit sei es nicht zumutbar, die Kosten f\u00fcr eine Prozessf\u00fchrung des Insolvenzverwalters aufzubringen (\u00a7 116 S. 1 Nr. 1 ZPO), wenn sie aufgrund von auf sie \u00fcbergegangenen Anspr\u00fcche einzelner Arbeitnehmer am Insolvenzverfahren beteiligt ist, festgehalten. Bez\u00fcglich dieser Frage hatte es in letzter Zeit ablehnende Entscheidungen verschiedener OLG gegeben.<\/p>\n<p>Das Beschwerdegericht hatte die von dem Insolvenzverwalter beantragte Prozesskostenhilfe abgelehnt, und zwar mit der Begr\u00fcndung, die Bundesanstalt f\u00fcr Arbeit sei wegen der genannten Anspr\u00fcche gem\u00e4\u00df \u00a7 116 S. 1. Nr. 1 ZPO wirtschaftlich beteiligt und habe einen Kostenbeitrag zu leisten, da sie bei einem Erfolg des Prozesses das 3,2-Fache der aufzuwendenden Kosten aus der Masse zur\u00fcckerhalten werde. Der letzteren Erw\u00e4gung tritt der BGH durchaus bei. Der BGH betont jedoch im Gegensatz zum Beschwerdegericht: Die betroffenen Arbeitnehmer selbst k\u00f6nnen als Kleingl\u00e4ubiger nicht zu den Prozesskosten herangezogen werden. Insofern w\u00e4re es widerspr\u00fcchlich, die Bundesanstalt heranzuziehen, die durch die Insolvenz ohnehin ma\u00dfgeblich belastet wird. Eine Einsatzpflicht von Mitteln der Bundesanstalt h\u00e4tte im \u00dcbrigen zur Folge, dass dieser an sich zweckgebundene Mittel f\u00fcr andere Zwecke entzogen w\u00fcrden.<\/p>\n<p>Interessant war noch ein Nebenaspekt der Entscheidung: Der BGH hat weiterhin entschieden, dass die schlichte M\u00f6glichkeit, ein Erfolgshonorar zu vereinbaren, der Bewilligung von Prozesskostenhilfe f\u00fcr einen Insolvenzverwalter nicht entgegensteht.<\/p>\n<p>Diese Entscheidung kommt den Bed\u00fcrfnissen der Insolvenzverwalter entgegen.<\/p>\n","protected":false},"excerpt":{"rendered":"<p>In einer in der \u201eInsolvenzverwalterszene\u201c durchaus mit Spannung erwarteten Entscheidung hat der BGH (Beschl. v. 13.2.2025 &#8211; IX ZB 27\/24) an seiner Auffassung, der Bundesagentur f\u00fcr Arbeit sei es nicht zumutbar, die Kosten f\u00fcr eine Prozessf\u00fchrung des Insolvenzverwalters aufzubringen (\u00a7 116 S. 1 Nr. 1 ZPO), wenn sie aufgrund von auf sie \u00fcbergegangenen Anspr\u00fcche einzelner [&hellip;]<\/p>\n","protected":false},"author":13,"featured_media":0,"comment_status":"open","ping_status":"closed","sticky":false,"template":"","format":"standard","meta":[],"categories":[3356,1305,2],"tags":[3357,2165,2901],"_links":{"self":[{"href":"https:\/\/blog.otto-schmidt.de\/mdr\/wp-json\/wp\/v2\/posts\/3647"}],"collection":[{"href":"https:\/\/blog.otto-schmidt.de\/mdr\/wp-json\/wp\/v2\/posts"}],"about":[{"href":"https:\/\/blog.otto-schmidt.de\/mdr\/wp-json\/wp\/v2\/types\/post"}],"author":[{"embeddable":true,"href":"https:\/\/blog.otto-schmidt.de\/mdr\/wp-json\/wp\/v2\/users\/13"}],"replies":[{"embeddable":true,"href":"https:\/\/blog.otto-schmidt.de\/mdr\/wp-json\/wp\/v2\/comments?post=3647"}],"version-history":[{"count":1,"href":"https:\/\/blog.otto-schmidt.de\/mdr\/wp-json\/wp\/v2\/posts\/3647\/revisions"}],"predecessor-version":[{"id":3648,"href":"https:\/\/blog.otto-schmidt.de\/mdr\/wp-json\/wp\/v2\/posts\/3647\/revisions\/3648"}],"wp:attachment":[{"href":"https:\/\/blog.otto-schmidt.de\/mdr\/wp-json\/wp\/v2\/media?parent=3647"}],"wp:term":[{"taxonomy":"category","embeddable":true,"href":"https:\/\/blog.otto-schmidt.de\/mdr\/wp-json\/wp\/v2\/categories?post=3647"},{"taxonomy":"post_tag","embeddable":true,"href":"https:\/\/blog.otto-schmidt.de\/mdr\/wp-json\/wp\/v2\/tags?post=3647"}],"curies":[{"name":"wp","href":"https:\/\/api.w.org\/{rel}","templated":true}]}}