{"id":549,"date":"2017-02-16T07:03:24","date_gmt":"2017-02-16T06:03:24","guid":{"rendered":"http:\/\/blog.otto-schmidt.de\/mdr\/?p=549"},"modified":"2017-02-16T07:05:14","modified_gmt":"2017-02-16T06:05:14","slug":"gesetzentwurf-zur-erhoehung-der-betreuerverguetung-veroeffentlicht","status":"publish","type":"post","link":"https:\/\/blog.otto-schmidt.de\/mdr\/2017\/02\/16\/gesetzentwurf-zur-erhoehung-der-betreuerverguetung-veroeffentlicht\/","title":{"rendered":"Gesetzentwurf zur Erh\u00f6hung der Betreuerverg\u00fctung ver\u00f6ffentlicht"},"content":{"rendered":"<p>In einer am 15.2.2017 ver\u00f6ffentlichten Formulierungshilfe der Bundesregierung f\u00fcr einen \u00c4nderungsantrag der Regierungsfraktionen zu dem Gesetzentwurf des Bundesrates f\u00fcr ein Gesetz zur Verbesserung der Beistandsm\u00f6glichkeiten unter Ehegatten und Lebenspartnern in Angelegenheiten der Gesundheitssorge und in F\u00fcrsorgeangelegenheiten wird vorgeschlagen, die Verg\u00fctungss\u00e4tze in \u00a7\u00a7 3, 4 VBVG anzuheben (vgl. Art. 7):<\/p>\n<p>&#8222;\u00a7 3 Absatz 1 wird wie folgt ge\u00e4ndert:<br \/>\na) In Satz 1 wird die Angabe \u201e19,50\u201c durch die Angabe \u201e22,50\u201c ersetzt.<br \/>\nb) Satz 2 wird wie folgt ge\u00e4ndert:<br \/>\naa) In Nummer 1 wird die Angabe \u201e25\u201c durch die Angabe \u201e29\u201c ersetzt.<br \/>\nbb) In Nummer 2 wird die Angabe \u201e33,50\u201c durch die Angabe \u201e38,50\u201c ersetzt.<\/p>\n<p>\u00a7 4 Absatz 1 wird wie folgt ge\u00e4ndert:<br \/>\na) In Satz 1 wird die Angabe \u201e27\u201c durch die Angabe \u201e31\u201c ersetzt.<br \/>\nb) Satz 2 wird wie folgt ge\u00e4ndert:<br \/>\naa) In Nummer 1 wird die Angabe \u201e33,50\u201c durch die Angabe \u201e38,50\u201c ersetzt.<br \/>\nbb) In Nummer 2 wird die Angabe \u201e44\u201c durch die Angabe \u201e50,50\u201c ersetzt.&#8220;<\/p>\n<p>Der Rechtsanwalt als Betreuer w\u00fcrde also k\u00fcnftig nach \u00a7 4 Abs. 1 S. 2 Nr. 2 VBVG einen Stundensatz von EUR 50,50 brutto erhalten.<\/p>\n<p>Die Formulierungshilfe ist erreichbar unter:<\/p>\n<p>http:\/\/www.bmjv.de\/SharedDocs\/Gesetzgebungsverfahren\/Dokumente\/FH_Betreuerverguetung.pdf?__blob=publicationFile&#038;v=1<\/p>\n<p>&nbsp;<\/p>\n","protected":false},"excerpt":{"rendered":"<p>In einer am 15.2.2017 ver\u00f6ffentlichten Formulierungshilfe der Bundesregierung f\u00fcr einen \u00c4nderungsantrag der Regierungsfraktionen zu dem Gesetzentwurf des Bundesrates f\u00fcr ein Gesetz zur Verbesserung der Beistandsm\u00f6glichkeiten unter Ehegatten und Lebenspartnern in Angelegenheiten der Gesundheitssorge und in F\u00fcrsorgeangelegenheiten wird vorgeschlagen, die Verg\u00fctungss\u00e4tze in \u00a7\u00a7 3, 4 VBVG anzuheben (vgl. Art. 7): &#8222;\u00a7 3 Absatz 1 wird wie [&hellip;]<\/p>\n","protected":false},"author":15,"featured_media":0,"comment_status":"open","ping_status":"closed","sticky":false,"template":"","format":"standard","meta":[],"categories":[67],"tags":[],"_links":{"self":[{"href":"https:\/\/blog.otto-schmidt.de\/mdr\/wp-json\/wp\/v2\/posts\/549"}],"collection":[{"href":"https:\/\/blog.otto-schmidt.de\/mdr\/wp-json\/wp\/v2\/posts"}],"about":[{"href":"https:\/\/blog.otto-schmidt.de\/mdr\/wp-json\/wp\/v2\/types\/post"}],"author":[{"embeddable":true,"href":"https:\/\/blog.otto-schmidt.de\/mdr\/wp-json\/wp\/v2\/users\/15"}],"replies":[{"embeddable":true,"href":"https:\/\/blog.otto-schmidt.de\/mdr\/wp-json\/wp\/v2\/comments?post=549"}],"version-history":[{"count":3,"href":"https:\/\/blog.otto-schmidt.de\/mdr\/wp-json\/wp\/v2\/posts\/549\/revisions"}],"predecessor-version":[{"id":552,"href":"https:\/\/blog.otto-schmidt.de\/mdr\/wp-json\/wp\/v2\/posts\/549\/revisions\/552"}],"wp:attachment":[{"href":"https:\/\/blog.otto-schmidt.de\/mdr\/wp-json\/wp\/v2\/media?parent=549"}],"wp:term":[{"taxonomy":"category","embeddable":true,"href":"https:\/\/blog.otto-schmidt.de\/mdr\/wp-json\/wp\/v2\/categories?post=549"},{"taxonomy":"post_tag","embeddable":true,"href":"https:\/\/blog.otto-schmidt.de\/mdr\/wp-json\/wp\/v2\/tags?post=549"}],"curies":[{"name":"wp","href":"https:\/\/api.w.org\/{rel}","templated":true}]}}