{"id":613,"date":"2017-04-07T08:48:50","date_gmt":"2017-04-07T06:48:50","guid":{"rendered":"http:\/\/blog.otto-schmidt.de\/mdr\/?p=613"},"modified":"2017-04-07T08:48:50","modified_gmt":"2017-04-07T06:48:50","slug":"bgh-eltern-muessen-namen-der-rechtsverletzenden-kinder-nennen","status":"publish","type":"post","link":"https:\/\/blog.otto-schmidt.de\/mdr\/2017\/04\/07\/bgh-eltern-muessen-namen-der-rechtsverletzenden-kinder-nennen\/","title":{"rendered":"BGH: Eltern m\u00fcssen Namen der rechtsverletzenden Kinder nennen"},"content":{"rendered":"<p>In Filesharingf\u00e4llen besteht zun\u00e4chst die Vermutung, dass der Anschlussinhaber zugleich auch Verletzer der fremden Urheberrechte ist. Es ist Aufgabe des Anschlussinhabers im Rahmen de sekund\u00e4ren Darlegungslast, diese Vermutung zu ersch\u00fcttern.<\/p>\n<p>In einem typischen Filesharingfall hatte der Anschlussinhaber mitgeteilt, dass ein vollj\u00e4hriges Kind die Verletzung begangen habe, ohne aber den Namen zu nennen. Der Beklagte berief sich auf den grundrechtlichen Schutz der Familie, teilte aber zugleich mit, den Verletzer zu kennen.<\/p>\n<p>Das reichte dem BGH nicht aus, der auch die Eigentumsrechte der Rechteinhaber ber\u00fccksichtigte, sodass es bei der Haftung des Anschlussinhabers verblieb.<\/p>\n<p><a href=\"http:\/\/(https:\/\/www.ferner-alsdorf.de\/blog\/anwalt-it-recht\/urheberrecht\/filesharing-ueber-familienanschluss-eltern-muessen-kind-als-taeter-namentlich-benennen\/55016\/\" target=\"_blank\">Jens Ferner<\/a> weist zutreffend darauf hin, dass sich aus den Entscheidungsgr\u00fcnden noch weitere wichtige Erkenntnisse ergeben k\u00f6nnten, die zum Stand der Ver\u00f6ffentlichung dieses Beitrages noch nicht vorlagen.<\/p>\n<p>Praxistipp:<br \/>\nDer Praxistipp ergibt sich aus der Quintessenz des Urteils: Kennt der Anschlussinhaber den T\u00e4ter namentlich, muss dieser auch angegeben werden. Nachforschungen auf fremdem PCs z.B. sind nicht vom Anschlussinhaber geschuldet. Anschlussinhaber sollten m\u00f6glichst wenig zur Sachverhaltsaufkl\u00e4rung unternehmen.\u00a0<a href=\"http:\/\/beckmannundnorda.de\/\/serendipity\/index.php?\/archives\/3204-BGH-Anschlussinhaber-haftet-fuer-Filesharing-von-Familienangehoerigen-wenn-dieser-ermittelt-aber-nicht-benannt-wird-sekundaere-Darlegungslast-beim-Filesharing.html\" target=\"_blank\">Beckmann und Norda kommentieren den Fall zutreffend<\/a>: <em>&#8222;Leider ist der Anschlussinhaber im vorliegenden Fall bei der Abwehr der Anspr\u00fcche nicht sonderlich geschickt vorgegangen.&#8220;<\/em><br \/>\nAufgrund der h\u00f6chstrichterlichen Kl\u00e4rung dieser Fallgestaltung, d\u00fcrfte es in Zukunft nur noch in wenigen F\u00e4llen zu einer identischen Konstellation kommen, da das Aufkl\u00e4rungsinteresse des kundigen Anschlussinhabers gegen null tendieren d\u00fcrfte.<br \/>\nBGH , Urteil vom 30.03.2017 &#8211; I ZR 19\/16<\/p>\n","protected":false},"excerpt":{"rendered":"<p>In Filesharingf\u00e4llen besteht zun\u00e4chst die Vermutung, dass der Anschlussinhaber zugleich auch Verletzer der fremden Urheberrechte ist. Es ist Aufgabe des Anschlussinhabers im Rahmen de sekund\u00e4ren Darlegungslast, diese Vermutung zu ersch\u00fcttern. In einem typischen Filesharingfall hatte der Anschlussinhaber mitgeteilt, dass ein vollj\u00e4hriges Kind die Verletzung begangen habe, ohne aber den Namen zu nennen. Der Beklagte berief [&hellip;]<\/p>\n","protected":false},"author":11,"featured_media":0,"comment_status":"open","ping_status":"closed","sticky":false,"template":"","format":"standard","meta":[],"categories":[1,2],"tags":[377,5,621,584,622,325],"_links":{"self":[{"href":"https:\/\/blog.otto-schmidt.de\/mdr\/wp-json\/wp\/v2\/posts\/613"}],"collection":[{"href":"https:\/\/blog.otto-schmidt.de\/mdr\/wp-json\/wp\/v2\/posts"}],"about":[{"href":"https:\/\/blog.otto-schmidt.de\/mdr\/wp-json\/wp\/v2\/types\/post"}],"author":[{"embeddable":true,"href":"https:\/\/blog.otto-schmidt.de\/mdr\/wp-json\/wp\/v2\/users\/11"}],"replies":[{"embeddable":true,"href":"https:\/\/blog.otto-schmidt.de\/mdr\/wp-json\/wp\/v2\/comments?post=613"}],"version-history":[{"count":1,"href":"https:\/\/blog.otto-schmidt.de\/mdr\/wp-json\/wp\/v2\/posts\/613\/revisions"}],"predecessor-version":[{"id":614,"href":"https:\/\/blog.otto-schmidt.de\/mdr\/wp-json\/wp\/v2\/posts\/613\/revisions\/614"}],"wp:attachment":[{"href":"https:\/\/blog.otto-schmidt.de\/mdr\/wp-json\/wp\/v2\/media?parent=613"}],"wp:term":[{"taxonomy":"category","embeddable":true,"href":"https:\/\/blog.otto-schmidt.de\/mdr\/wp-json\/wp\/v2\/categories?post=613"},{"taxonomy":"post_tag","embeddable":true,"href":"https:\/\/blog.otto-schmidt.de\/mdr\/wp-json\/wp\/v2\/tags?post=613"}],"curies":[{"name":"wp","href":"https:\/\/api.w.org\/{rel}","templated":true}]}}