{"id":27,"date":"2017-11-21T12:43:37","date_gmt":"2017-11-21T11:43:37","guid":{"rendered":"http:\/\/blog.otto-schmidt.de\/mediation\/?p=27"},"modified":"2023-02-07T14:21:04","modified_gmt":"2023-02-07T13:21:04","slug":"travel_net-europaeisches-netzwerk-von-schlichtungsstellen-gegruendet","status":"publish","type":"post","link":"https:\/\/blog.otto-schmidt.de\/mediation\/2017\/11\/21\/travel_net-europaeisches-netzwerk-von-schlichtungsstellen-gegruendet\/","title":{"rendered":"TRAVEL_NET: Europ\u00e4isches Netzwerk von Schlichtungsstellen gegr\u00fcndet"},"content":{"rendered":"<p><span style=\"color: #000000; font-family: Calibri;\">Seit dem 10. November gibt es nun auch f\u00fcr die Reisebranche ein europ\u00e4isches Netzwerk von Verbraucherschlichtungsstellen im Sinne von Art. 16 der <\/span><a href=\"http:\/\/eur-lex.europa.eu\/LexUriServ\/LexUriServ.do?uri=OJ:L:2013:165:0063:0079:DE:PDF\"><span style=\"color: #0000ff; font-family: Calibri;\">ADR-Richtlinie 2013\/11\/EU<\/span><\/a><span style=\"color: #000000; font-family: Calibri;\">. Ziel des Netzwerkes ist sowohl der Austausch von Best Practice \/ Know-How als auch die Zusammenarbeit bei der konkreten Fallbearbeitung, wenn beispielsweise ein Schlichtungsantrag in die Zust\u00e4ndigkeit einer anderen europ\u00e4ischen Stelle f\u00e4llt. Die Gr\u00fcndung erfolgte im Rahmen eines Launch-Events am 10. November 2017 in der Berliner Vertretung der Europ\u00e4ischen Kommission auf Initiative der deutschen <\/span><a href=\"https:\/\/soep-online.de\/\"><span style=\"color: #0000ff; font-family: Calibri;\">s\u00f6p_Schlichtungsstelle f\u00fcr den \u00f6ffentlichen Personenverkehr<\/span><\/a><span style=\"color: #000000; font-family: Calibri;\">. <\/span><\/p>\n<p><img loading=\"lazy\" class=\"wp-image-28 alignright\" src=\"https:\/\/blog.otto-schmidt.de\/mediation\/wp-content\/uploads\/sites\/11\/2017\/11\/DSC_1008_kl.jpg\" alt=\"DSC_1008_kl\" width=\"318\" height=\"212\" \/><\/p>\n<p><span style=\"color: #000000; font-family: Calibri;\">Deren Leiter Edgar Isermann betonte in seiner Er\u00f6ffnungsrede, dass Schlichtungen im Bereich Transport\/Reisen h\u00e4ufig grenz\u00fcberschreitende Sachverhalte zugrunde liegen und sich eine europ\u00e4ische Kooperation daher in besonderem Ma\u00dfe anbiete. Die f\u00fcr Verbraucher-ADR zust\u00e4ndige <\/span><a href=\"http:\/\/europa.eu\/rapid\/press-release_MEX-17-4547_en.htm\"><span style=\"color: #0000ff; font-family: Calibri;\">EU-Kommissarin Ve\u030cra Jourov\u00e1<b> <\/b>begr\u00fc\u00dfte die Gr\u00fcndung von TRAVEL_NET<\/span><\/a><span style=\"color: #000000; font-family: Calibri;\">, welches nun wichtige Akteure im Bereich Reisen zusammenbringe und damit effiziente Alternative Streitbeilegung beg\u00fcnstige. Im Rahmen einer Podiumsdiskussion lobten Vertreter der Europ\u00e4ischen Verbraucherzentren, von Verkehrsunternehmen, der Europ\u00e4ischer Kommission, der Bundesregierung und des Luftfahrtbundesamtes einhellig die bisherigen Erfolge von Verbraucherschlichtung im Bereich Personenverkehr. Gr\u00fcndungsmitglieder des neuen TRAVEL_NET sind neben der s\u00f6p weitere zw\u00f6lf ADR-Stellen aus Bulgarien, D\u00e4nemark, Deutschland, Frankreich, Griechenland, Irland, \u00d6sterreich, Schweden, der Slowakei und Tschechien. Kontakt: <\/span><a href=\"mailto:travelnet@soep-online.de\"><span style=\"color: #0000ff; font-family: Calibri;\">travelnet@soep-online.de<\/span><\/a><span style=\"color: #000000; font-family: Calibri;\">.<\/span><\/p>\n","protected":false},"excerpt":{"rendered":"<p>Seit dem 10. November gibt es nun auch f\u00fcr die Reisebranche ein europ\u00e4isches Netzwerk von Verbraucherschlichtungsstellen im Sinne von Art. 16 der ADR-Richtlinie 2013\/11\/EU. Ziel des Netzwerkes ist sowohl der Austausch von Best Practice \/ Know-How als auch die Zusammenarbeit bei der konkreten Fallbearbeitung, wenn beispielsweise ein Schlichtungsantrag in die Zust\u00e4ndigkeit einer anderen europ\u00e4ischen Stelle [&hellip;]<\/p>\n","protected":false},"author":93,"featured_media":0,"comment_status":"open","ping_status":"open","sticky":false,"template":"","format":"standard","meta":[],"categories":[1],"tags":[4],"_links":{"self":[{"href":"https:\/\/blog.otto-schmidt.de\/mediation\/wp-json\/wp\/v2\/posts\/27"}],"collection":[{"href":"https:\/\/blog.otto-schmidt.de\/mediation\/wp-json\/wp\/v2\/posts"}],"about":[{"href":"https:\/\/blog.otto-schmidt.de\/mediation\/wp-json\/wp\/v2\/types\/post"}],"author":[{"embeddable":true,"href":"https:\/\/blog.otto-schmidt.de\/mediation\/wp-json\/wp\/v2\/users\/93"}],"replies":[{"embeddable":true,"href":"https:\/\/blog.otto-schmidt.de\/mediation\/wp-json\/wp\/v2\/comments?post=27"}],"version-history":[{"count":4,"href":"https:\/\/blog.otto-schmidt.de\/mediation\/wp-json\/wp\/v2\/posts\/27\/revisions"}],"predecessor-version":[{"id":662,"href":"https:\/\/blog.otto-schmidt.de\/mediation\/wp-json\/wp\/v2\/posts\/27\/revisions\/662"}],"wp:attachment":[{"href":"https:\/\/blog.otto-schmidt.de\/mediation\/wp-json\/wp\/v2\/media?parent=27"}],"wp:term":[{"taxonomy":"category","embeddable":true,"href":"https:\/\/blog.otto-schmidt.de\/mediation\/wp-json\/wp\/v2\/categories?post=27"},{"taxonomy":"post_tag","embeddable":true,"href":"https:\/\/blog.otto-schmidt.de\/mediation\/wp-json\/wp\/v2\/tags?post=27"}],"curies":[{"name":"wp","href":"https:\/\/api.w.org\/{rel}","templated":true}]}}