{"id":431,"date":"2021-04-12T11:04:29","date_gmt":"2021-04-12T09:04:29","guid":{"rendered":"http:\/\/blog.otto-schmidt.de\/mediation\/?p=431"},"modified":"2021-04-12T17:22:41","modified_gmt":"2021-04-12T15:22:41","slug":"mediationspreise-und-mediationsraeume","status":"publish","type":"post","link":"https:\/\/blog.otto-schmidt.de\/mediation\/2021\/04\/12\/mediationspreise-und-mediationsraeume\/","title":{"rendered":"\u201eMediationspreise und Mediationsr\u00e4ume\u201c"},"content":{"rendered":"<p><strong>Online-Veranstaltung der CfM am 27. April von 17-19 Uhr<\/strong><\/p>\n<p>In diesen gesellschaftlich herausfordernden Zeiten wird die feierliche Verleihung der Mediationspreise 2020 in ein inhaltliches Rahmenprogramm eingebettet, das sich explizit der gesellschaftspolitischen Dimension von Mediation widmet. Unter dem Leitmotiv<strong> \u201e<\/strong><strong>M\u00f6glichkeitsr\u00e4ume der Mediation: Umbruchphasen begleiten.\u00a0Vielfalt leben. Dissens moderieren.\u201c <\/strong>geht es im Kern um die Frage, wie die geb\u00fcndelte Expertise der deutschen Mediationsszene noch besser f\u00fcr die Bew\u00e4ltigung der aktuellen gesellschaftlichen Herausforderungen genutzt werden kann.<\/p>\n<p>Zun\u00e4chst zu den <strong>Auszeichnungen<\/strong>: Insgesamt werden drei Preise verliehen \u2013 der F\u00f6rderpreis f\u00fcr Mediation, der Mediations-Wissenschaftspreis und der <strong>Sokrates-Preis f\u00fcr Mediation<\/strong>. Die Preise werden bereits seit \u00fcber 20 Jahren von der Centrale f\u00fcr Mediation ausgelobt und gelten in der Mediationsfachwelt als besonders renommiert.\u00a0Verliehen werden sie von einer unabh\u00e4ngigen, interdisziplin\u00e4r und international besetzten Preisjury, der Prof. Dr. Nadja Alexander, Dr. Andreas Hacke, Dr. Felix Steffek, Prof. Dr. Alexander Redlich und Prof. Dr. Lars Kirchhoff angeh\u00f6ren.<\/p>\n<p>Nun ein kurzer Blick auf das <strong>Rahmenprogramm<\/strong>: Sp\u00e4testens seit seinem in Fachwelt und Medien stark beachteten Bestseller \u201eDas Integrationsparadox\u201c ist\u00a0 <strong><em>Prof. Dr. Aladin El Mafaalani<\/em><\/strong> vielen ein Begriff, die sich mit den\u00a0 konkreten Implikationen einer offener werdenden Gesellschaft f\u00fcr neue Modelle der Teilhabe, Aushandlung und Streitkultur besch\u00e4ftigen. Mediator*innen sind von diesen Fragen unmittelbar betroffen bzw. gestalten die Prozesse aktiv mit. Ziel des Impulsvortrags von El Mafaalani ist es, unter dem Titel <strong>\u201eDie blinden Flecken der Streitkultur: Was bedeutet das \u201eIntegrationsparadox\u201c f\u00fcr die Arbeit von Mediator*innen?\u201c <\/strong>einen gesellschaftspolitischen und methodischen Blick auf die von ihm geforderte \u201eKonfliktfestigkeit\u201c zu werfen, ohne die das Ringen um erweiterte Teilhabe und die Neuregulierung zahlreicher Fragen rund um die gro\u00dfen Themen Gerechtigkeit, Vielfalt und Abgrenzung nicht gelingen wird.<\/p>\n<p>Einen zweiten Impulsvortrag \u00fcbernimmt <strong><em>Prof. Dr. Stephan Breidenbach<\/em><\/strong>, vielen prim\u00e4r als Mitbegr\u00fcnder der deutschen Mediations- und Legal Tech Szene bekannt. Sein Impulsvortrag zu <strong>\u201eGerman Zero: Wie die Zivilgesellschaft durch die Arbeit mit Interessen und Optionen komplexe Gesetzespakete voranbringt.\u201c<\/strong> verdeutlicht, dass mit einem kooperativ und mediativ gepr\u00e4gten Vorgehen aktiv gesellschaftliche Akzente an entscheidenden Stellen gesetzt werden k\u00f6nnen. Das handfeste Ziel von German Zero ist es, hochdifferenzierte Ma\u00dfnahmenpakete zur Umsetzung eines 1,5-Grad Klimaschutzgesetztes in den n\u00e4chsten Koalitionsvertrag einflie\u00dfen zu lassen. Dazu wurden Hunderte von Expert*innen mobilisiert, die ihr Wissen in Vorschl\u00e4ge f\u00fcr ein faires und wirksames Gesetzespaket \u00fcbersetzt haben, das nun der Politik zur Verf\u00fcgung gestellt wird.<\/p>\n<p>Beide Impulse sollen verdeutlichen, wie breit das Spektrum sinnvoller Ans\u00e4tze f\u00fcr mediatives Handeln in unserer durch zahlreiche Umbr\u00fcche gezeichneten Gesellschaft ist \u2013 und dass jede und jeder gefragt ist, den eigenen Beitrag auch jenseits der \u201eklassischen\u201c mediativen Gefilde klar zu bekommen.<\/p>\n<p>Als Vorsitzender der preisverleihenden Jury werde ich durch die Veranstaltung moderieren. Die <a href=\"https:\/\/www.otto-schmidt.de\/seminare\/ausbildung-mediation\/mediationspreise-und-moeglichkeitsraeume\">kostenfreie Anmeldung<\/a> ist bis zum Vortag m\u00f6glich.<\/p>\n<p>Es w\u00fcrde mich sehr freuen, Sie an dem Fr\u00fchabend des 27. April begr\u00fc\u00dfen zu d\u00fcrfen!<\/p>\n<p>Lars Kirchhoff<\/p>\n<p>&nbsp;<\/p>\n","protected":false},"excerpt":{"rendered":"<p>Online-Veranstaltung der CfM am 27. April von 17-19 Uhr In diesen gesellschaftlich herausfordernden Zeiten wird die feierliche Verleihung der Mediationspreise 2020 in ein inhaltliches Rahmenprogramm eingebettet, das sich explizit der gesellschaftspolitischen Dimension von Mediation widmet. Unter dem Leitmotiv \u201eM\u00f6glichkeitsr\u00e4ume der Mediation: Umbruchphasen begleiten.\u00a0Vielfalt leben. Dissens moderieren.\u201c geht es im Kern um die Frage, wie die [&hellip;]<\/p>\n","protected":false},"author":534,"featured_media":0,"comment_status":"open","ping_status":"open","sticky":false,"template":"","format":"standard","meta":[],"categories":[1],"tags":[],"_links":{"self":[{"href":"https:\/\/blog.otto-schmidt.de\/mediation\/wp-json\/wp\/v2\/posts\/431"}],"collection":[{"href":"https:\/\/blog.otto-schmidt.de\/mediation\/wp-json\/wp\/v2\/posts"}],"about":[{"href":"https:\/\/blog.otto-schmidt.de\/mediation\/wp-json\/wp\/v2\/types\/post"}],"author":[{"embeddable":true,"href":"https:\/\/blog.otto-schmidt.de\/mediation\/wp-json\/wp\/v2\/users\/534"}],"replies":[{"embeddable":true,"href":"https:\/\/blog.otto-schmidt.de\/mediation\/wp-json\/wp\/v2\/comments?post=431"}],"version-history":[{"count":3,"href":"https:\/\/blog.otto-schmidt.de\/mediation\/wp-json\/wp\/v2\/posts\/431\/revisions"}],"predecessor-version":[{"id":436,"href":"https:\/\/blog.otto-schmidt.de\/mediation\/wp-json\/wp\/v2\/posts\/431\/revisions\/436"}],"wp:attachment":[{"href":"https:\/\/blog.otto-schmidt.de\/mediation\/wp-json\/wp\/v2\/media?parent=431"}],"wp:term":[{"taxonomy":"category","embeddable":true,"href":"https:\/\/blog.otto-schmidt.de\/mediation\/wp-json\/wp\/v2\/categories?post=431"},{"taxonomy":"post_tag","embeddable":true,"href":"https:\/\/blog.otto-schmidt.de\/mediation\/wp-json\/wp\/v2\/tags?post=431"}],"curies":[{"name":"wp","href":"https:\/\/api.w.org\/{rel}","templated":true}]}}