{"id":532,"date":"2021-12-08T10:20:43","date_gmt":"2021-12-08T09:20:43","guid":{"rendered":"https:\/\/blog.otto-schmidt.de\/mediation\/?p=532"},"modified":"2021-12-13T08:44:01","modified_gmt":"2021-12-13T07:44:01","slug":"zusammenarbeit-von-mediatoren-und-rechtsanwaelten-kommt","status":"publish","type":"post","link":"https:\/\/blog.otto-schmidt.de\/mediation\/2021\/12\/08\/zusammenarbeit-von-mediatoren-und-rechtsanwaelten-kommt\/","title":{"rendered":"Zusammenarbeit von Mediatoren und Rechtsanw\u00e4lten kommt"},"content":{"rendered":"<p>Zu Beginn des Jahres hatte ich die \u00dcberlegungen des Gesetzgebers in einem Referentenentwurf geschildert, mit der die M\u00f6glichkeiten der Zusammenarbeit zwischen Anw\u00e4lten und Mediatoren verbessert oder jedenfalls erleichtert werden k\u00f6nnen (<a href=\"https:\/\/online.otto-schmidt.de\/db\/dokument?id=zkm.2021.01.i.0028.01.a\">ZKM 1\/2021, 28-31<\/a>). Das Gesetzesvorhaben, unter dem Schlagwort <strong>BRAO-Reform<\/strong> bekannt, wurde im Sommer verabschiedet, tritt aber erst n\u00e4chstes Jahr, am 1.8.2022 in Kraft. Der Grund daf\u00fcr liegt in dem Arbeitsaufwand, den die Kammern in Folge der Reform schultern m\u00fcssen.<\/p>\n<p>Ab August 2022 d\u00fcrfen Rechtsanw\u00e4lte aber auch mit Angeh\u00f6rigen der Freien Berufe gemeinsam eine Soziet\u00e4t gr\u00fcnden. Die BRAK hat sich mit ihren Bedenken nicht durchsetzen k\u00f6nnen. Allerdings ist das noch nicht das gr\u00fcne Licht f\u00fcr den Zusammenschluss! Denn nicht jeder Mediator, nicht jede Mediatorin ist nach heutigem Verst\u00e4ndnis Angeh\u00f6rige eines Freien Berufs. So ist etwa ein Grundst\u00fccksmakler, der auch als Mediator t\u00e4tig ist, nicht ohne Weiteres Angeh\u00f6riger eines Freien Berufs. Das ist ein noch nicht zufriedenstellender Befund, denn warum etwa Zertifizierte Mediatoren nicht in der Aufz\u00e4hlung der Berufe in \u00a7 1 Abs. 2 PartGG enthalten sind, ist nicht zu erkl\u00e4ren.<\/p>\n<p>Aber verbessert hat sich die Situation dennoch. Mindestens in B\u00fcrogemeinschaft k\u00f6nnen Anw\u00e4lte und solche Mediatoren, die keinen freien Beruf aus\u00fcben, zusammenarbeiten. Denn diese Regelungen wurden vollst\u00e4ndig liberalisiert, auch hier folgte der Gesetzgeber nicht der BRAK. Nach den letzten Erhebungen des Soldan-Instituts bevorzugen die meisten Anw\u00e4lte ohnehin eine <strong>interprofessionelle B\u00fcrogemeinschaft<\/strong>. F\u00fcr diese Formen der Zusammenarbeit gibt es also kaum noch regulatorische Grenzen. Die Auseinandersetzungen mit den Rechtsanwaltskammern \u00fcber diese Formen der Zusammenarbeit geh\u00f6ren damit \u2013 endlich \u2013 der Vergangenheit an.<\/p>\n","protected":false},"excerpt":{"rendered":"<p>Zu Beginn des Jahres hatte ich die \u00dcberlegungen des Gesetzgebers in einem Referentenentwurf geschildert, mit der die M\u00f6glichkeiten der Zusammenarbeit zwischen Anw\u00e4lten und Mediatoren verbessert oder jedenfalls erleichtert werden k\u00f6nnen (ZKM 1\/2021, 28-31). Das Gesetzesvorhaben, unter dem Schlagwort BRAO-Reform bekannt, wurde im Sommer verabschiedet, tritt aber erst n\u00e4chstes Jahr, am 1.8.2022 in Kraft. Der Grund [&hellip;]<\/p>\n","protected":false},"author":107,"featured_media":0,"comment_status":"open","ping_status":"open","sticky":false,"template":"","format":"standard","meta":[],"categories":[1],"tags":[119,121,120],"_links":{"self":[{"href":"https:\/\/blog.otto-schmidt.de\/mediation\/wp-json\/wp\/v2\/posts\/532"}],"collection":[{"href":"https:\/\/blog.otto-schmidt.de\/mediation\/wp-json\/wp\/v2\/posts"}],"about":[{"href":"https:\/\/blog.otto-schmidt.de\/mediation\/wp-json\/wp\/v2\/types\/post"}],"author":[{"embeddable":true,"href":"https:\/\/blog.otto-schmidt.de\/mediation\/wp-json\/wp\/v2\/users\/107"}],"replies":[{"embeddable":true,"href":"https:\/\/blog.otto-schmidt.de\/mediation\/wp-json\/wp\/v2\/comments?post=532"}],"version-history":[{"count":3,"href":"https:\/\/blog.otto-schmidt.de\/mediation\/wp-json\/wp\/v2\/posts\/532\/revisions"}],"predecessor-version":[{"id":541,"href":"https:\/\/blog.otto-schmidt.de\/mediation\/wp-json\/wp\/v2\/posts\/532\/revisions\/541"}],"wp:attachment":[{"href":"https:\/\/blog.otto-schmidt.de\/mediation\/wp-json\/wp\/v2\/media?parent=532"}],"wp:term":[{"taxonomy":"category","embeddable":true,"href":"https:\/\/blog.otto-schmidt.de\/mediation\/wp-json\/wp\/v2\/categories?post=532"},{"taxonomy":"post_tag","embeddable":true,"href":"https:\/\/blog.otto-schmidt.de\/mediation\/wp-json\/wp\/v2\/tags?post=532"}],"curies":[{"name":"wp","href":"https:\/\/api.w.org\/{rel}","templated":true}]}}