{"id":734,"date":"2023-10-09T10:09:38","date_gmt":"2023-10-09T08:09:38","guid":{"rendered":"https:\/\/blog.otto-schmidt.de\/mediation\/?p=734"},"modified":"2023-10-09T10:09:38","modified_gmt":"2023-10-09T08:09:38","slug":"reform-der-zertifizierung","status":"publish","type":"post","link":"https:\/\/blog.otto-schmidt.de\/mediation\/2023\/10\/09\/reform-der-zertifizierung\/","title":{"rendered":"Reform der Zertifizierung"},"content":{"rendered":"<p>Mit Wirkung vom 1. M\u00e4rz 2024 \u00e4ndern sich die Vorgaben zur Ausbildung von Mediatorinnen und Mediatoren. Die Reform der Verordnung des BMJ (ZMediatAusbV) stellt erkl\u00e4rterma\u00dfen nicht den gro\u00dfen Wurf dar. Es bleibt bei der problematischen und von vielen Seiten kritisierten \u201eSelbstzertifizierung\u201c. Deshalb wird die Grundsatzdiskussion gewiss weitergehen, vgl. nur <a href=\"https:\/\/online.otto-schmidt.de\/db\/dokument?id=zkm.2023.05.i.0176.01.a\"><em>Risse <\/em><a href=\"https:\/\/online.otto-schmidt.de\/db\/suche?q=%5B%7B%22txt%22:%22pubyear:2013%22%7D,%7B%22txt%22:%22source_page:176%22%7D,%7B%22txt%22:%22all_source_2:zkm%22%7D%20%5D\" target=\"_blank\" rel=\"nofollow\">ZKM 2013, 176<\/a> ff.<\/a> und das <a href=\"https:\/\/stiftung-mediation.de\/sites\/default\/files\/downloads\/2022-10-05_positionspapier_regulaere_zertifizierung.pdf\">Positionspapier<\/a> der Deutschen Stiftung Mediation (Oktober 2022).<\/p>\n<p>Die nach der Begr\u00fcndung des Referentenentwurfs bewusst nur \u201eminimalinvasiven\u201c \u00c4nderungen lassen sich wie folgt zusammenfassen:<\/p>\n<ul>\n<li>Erweiterter Praxiserfahrung: f\u00fcr die Zertifizierung (eigentlich: Selbstbezeichnungsbefugnis) m\u00fcssen f\u00fcnf statt bisher eine Mediation durchgef\u00fchrt und supervidiert werden<\/li>\n<li>Leicht erh\u00f6hter Ausbildungsumfang: statt bisher 120 sind k\u00fcnftig 130 Ausbildungsstunden gefordert; die Stundentafel wird erg\u00e4nzt um \u201eDigitalkompetenzen\u201c und \u201eOnline-Mediation\u201c<\/li>\n<li>Online-Ausbildung: Klarstellung grunds\u00e4tzlicher Zul\u00e4ssigkeit unter Begrenzung auf 40\u00a0% der \u201ePr\u00e4senzzeitstunden\u201c<\/li>\n<li>Supervision: Zulassung der Durchf\u00fchrung in Gruppen<\/li>\n<li>Erweiterte Aufgaben der Ausbildungsinstitute: Bescheinigung \u00fcber die Ausbildung wird Zertifizierungsvoraussetzung; neu: Bescheinigung \u00fcber Fortbildung<\/li>\n<li>Ausbildungserfolg: Die bisher vorgesehene Abh\u00e4ngigkeit der Bescheinigung vom Erfolg der Ausbildung bzw. Fortbildung entf\u00e4llt.<\/li>\n<\/ul>\n<p>Erst die praktische Umsetzung wird zeigen, wie die Ausbildungsinstitute mit ihrer v.a. zeitlich gestreckten Bescheinigungsaufgabe umgehen. Auch stellt sich die Frage, wie die in Ausbildung befindlichen Mediatorinnen und Mediatoren an die erforderlichen Praxisf\u00e4lle kommen. Noch ungekl\u00e4rt scheint ferner, ob insb. universit\u00e4re Ausbildungstr\u00e4ger die Bescheinigung weiterhin vom Bestehen einer Pr\u00fcfung oder von Leistungskontrollen abh\u00e4ngig machen d\u00fcrfen.<\/p>\n<p>Umsetzungsfragen nach Rechts\u00e4nderungen sind unvermeidbar und in diesem Sinne normal. Leider gibt es aber f\u00fcr Ausbildungsinstitute und die Mediatorenschaft noch immer keinen Ansprechpartner zur Kl\u00e4rung offener Frage; auch dies ist Konsequenz des unver\u00e4nderten Konzepts der Selbstzertifizierung.<\/p>\n<p>&nbsp;<\/p>\n<p><strong>Redaktioneller Hinweis: <\/strong><\/p>\n<p>Was Ausbildungsinstitute, ausgebildete und angehende Mediator\/innen zur Zertifizierung wissen sollten, erfahren Sie im passenden <strong>Webinar<\/strong> mit <strong>Peter R\u00f6themeyer: <a href=\"https:\/\/www.otto-schmidt.de\/die-neue-zertifizierte-mediatoren-ausbildungsverordnung-zmediatausbv\">Die neue Zertifizierte-Mediatoren-Ausbildungsverordnung (ZMediatAusbV)<\/a><\/strong> am 8. November 2023 (10:00-11:30 Uhr). F\u00fcr Mitglieder der CfM ist das Webinar kostenfrei \u2013 auch im Rahmen der <a href=\"https:\/\/www.centrale-fuer-mediation.de\/probemitglied_werden.htm\">Probemitgliedschaft<\/a>.<\/p>\n<p>&nbsp;<\/p>\n","protected":false},"excerpt":{"rendered":"<p>Mit Wirkung vom 1. M\u00e4rz 2024 \u00e4ndern sich die Vorgaben zur Ausbildung von Mediatorinnen und Mediatoren. Die Reform der Verordnung des BMJ (ZMediatAusbV) stellt erkl\u00e4rterma\u00dfen nicht den gro\u00dfen Wurf dar. Es bleibt bei der problematischen und von vielen Seiten kritisierten \u201eSelbstzertifizierung\u201c. Deshalb wird die Grundsatzdiskussion gewiss weitergehen, vgl. nur Risse ZKM 2013, 176 ff. und [&hellip;]<\/p>\n","protected":false},"author":99,"featured_media":0,"comment_status":"open","ping_status":"open","sticky":false,"template":"","format":"standard","meta":[],"categories":[1],"tags":[45,99,148],"_links":{"self":[{"href":"https:\/\/blog.otto-schmidt.de\/mediation\/wp-json\/wp\/v2\/posts\/734"}],"collection":[{"href":"https:\/\/blog.otto-schmidt.de\/mediation\/wp-json\/wp\/v2\/posts"}],"about":[{"href":"https:\/\/blog.otto-schmidt.de\/mediation\/wp-json\/wp\/v2\/types\/post"}],"author":[{"embeddable":true,"href":"https:\/\/blog.otto-schmidt.de\/mediation\/wp-json\/wp\/v2\/users\/99"}],"replies":[{"embeddable":true,"href":"https:\/\/blog.otto-schmidt.de\/mediation\/wp-json\/wp\/v2\/comments?post=734"}],"version-history":[{"count":3,"href":"https:\/\/blog.otto-schmidt.de\/mediation\/wp-json\/wp\/v2\/posts\/734\/revisions"}],"predecessor-version":[{"id":736,"href":"https:\/\/blog.otto-schmidt.de\/mediation\/wp-json\/wp\/v2\/posts\/734\/revisions\/736"}],"wp:attachment":[{"href":"https:\/\/blog.otto-schmidt.de\/mediation\/wp-json\/wp\/v2\/media?parent=734"}],"wp:term":[{"taxonomy":"category","embeddable":true,"href":"https:\/\/blog.otto-schmidt.de\/mediation\/wp-json\/wp\/v2\/categories?post=734"},{"taxonomy":"post_tag","embeddable":true,"href":"https:\/\/blog.otto-schmidt.de\/mediation\/wp-json\/wp\/v2\/tags?post=734"}],"curies":[{"name":"wp","href":"https:\/\/api.w.org\/{rel}","templated":true}]}}