{"id":1076,"date":"2023-11-14T17:28:05","date_gmt":"2023-11-14T16:28:05","guid":{"rendered":"https:\/\/blog.otto-schmidt.de\/zkm-report\/?p=1076"},"modified":"2023-11-14T17:28:05","modified_gmt":"2023-11-14T16:28:05","slug":"neues-pilotprojekt-in-der-schweiz-verpflichtende-mediation-zum-schutz-der-scheidungskinder","status":"publish","type":"post","link":"https:\/\/blog.otto-schmidt.de\/zkm-report\/2023\/11\/14\/neues-pilotprojekt-in-der-schweiz-verpflichtende-mediation-zum-schutz-der-scheidungskinder\/","title":{"rendered":"Neues Pilotprojekt in der Schweiz: Verpflichtende Mediation zum Schutz der Scheidungskinder"},"content":{"rendered":"<p>Jede zehnte Trennung in der Schweiz endet in einem erbitterten Kampf um das Kind. Dies treibt die Zahl der Kindesschutzma\u00dfnahmen in die H\u00f6he, besch\u00e4ftigt Anw\u00e4lte, Gutachter und Gerichte. Jetzt diskutiert das Bundesamt f\u00fcr Justiz \u00fcber eine \u00c4nderung im Familienrecht, berichtet das NZZ Magazin.<\/p>\n<p>In der Reportage werden zahlreiche Beispiele zerr\u00fctteter Familien nach jahrelangen Trennungsk\u00e4mpfen geschildert. 20.350 Kinder wurden allein 2022 in der Schweiz unter Schutzma\u00dfnahmen des Staates gestellt. Der Kampf, den zerr\u00fcttete Paare auf ihren Schultern ihrer Kinder austragen, wird immer h\u00e4rter. Wurden 2015, im Jahr nach der Einf\u00fchrung des gemeinsamen Sorgerechts, noch 11.413 Beistandschaften angeordnet, so z\u00e4hlte man 2022 bereits 17.769 und damit fast ein Drittel mehr. Grund daf\u00fcr sei die Einf\u00fchrung des gemeinsamen Sorgerechts.<\/p>\n<p>Nun hat das Bundesamt f\u00fcr Justiz (BJ) f\u00fcr den 27. November 2023 eine interdisziplin\u00e4re Tagung mit Fachleuten aus Praxis, Forschung und Theorie einberufen, um \u00fcber Best Practices im Umgang mit famili\u00e4ren Konflikten zu diskutieren. Au\u00dferdem hat es ein Pilotprojekt in Bern genehmigt. Weil es Gerichten in der Schweiz nicht erlaubt ist, zerstrittene Paare vor der Scheidung zu einer Mediation zu verpflichten, hat der Kanton Bern in Absprache mit dem Bundesamt f\u00fcr Justiz f\u00fcr den Pilotversuch erstmals eine Sondergenehmigung der Zivilprozessordnung zur Anwendung gebracht, um so den Einigungsdruck der Eltern zugunsten der Kinder und in einem m\u00f6glichst fr\u00fchen Stadium der Konflikteskalation zu erh\u00f6hen. Anfang September ist das Pilotprojekt gestartet. In den Sitzungen holt der Mediator die beiden zerstrittenen Elternteile jeweils einzeln in der Lobby ab. Der Beratungsablauf ist bis ins kleinste Detail durchgeplant und folgen klaren Regeln: Die Eltern werden nicht mit Namen, sondern konsequent als Vater und Mutter angesprochen, sie reden nicht miteinander, sondern bringen ihre Anliegen via Berater ein.<\/p>\n<p>Jedes Ansetzen zum Lamento \u00fcber den Ex-Partner wird sofort unterbrochen. Jede Respektlosigkeit sanktioniert. F\u00fcr die Dauer der Beratung werden keine Klagen eingereicht, keine Gutachten angeordnet. Ziel ist es, dass die Eltern sich in sechs bis acht Terminen auf den kleinsten gemeinsamen Nenner zum Wohl ihres Kindes einigen. Dieser wird schriftlich festgehalten, von beiden Elternteilen unterschrieben und dem Gericht vorgelegt.<\/p>\n<p><em>Quelle: www.magazin.nzz.ch v. 4.11.2023<\/em><\/p>\n","protected":false},"excerpt":{"rendered":"<p>Jede zehnte Trennung in der Schweiz endet in einem erbitterten Kampf um das Kind. Dies treibt die Zahl der Kindesschutzma\u00dfnahmen in die H\u00f6he, besch\u00e4ftigt Anw\u00e4lte, Gutachter und Gerichte. Jetzt diskutiert das Bundesamt f\u00fcr Justiz \u00fcber eine \u00c4nderung im Familienrecht, berichtet das NZZ Magazin. In der Reportage werden zahlreiche Beispiele zerr\u00fctteter Familien nach jahrelangen Trennungsk\u00e4mpfen geschildert. 20.350 Kinder wurden allein 2022 in der Schweiz unter Schutzma\u00dfnahmen des Staates gestellt. Der Kampf, den zerr\u00fcttete Paare auf ihren Schultern ihrer Kinder austragen, wird immer h\u00e4rter. Wurden 2015, im Jahr nach der Einf\u00fchrung des gemeinsamen Sorgerechts, noch 11.413 Beistandschaften angeordnet, so z\u00e4hlte man 2022 bereits 17.769 und damit fast ein Drittel mehr. Grund daf\u00fcr sei die Einf\u00fchrung des gemeinsamen Sorgerechts. Nun hat das Bundesamt f\u00fcr Justiz (BJ) f\u00fcr den 27. November 2023 eine interdisziplin\u00e4re Tagung mit Fachleuten aus Praxis, Forschung und Theorie einberufen, um \u00fcber Best Practices im Umgang mit famili\u00e4ren Konflikten zu diskutieren. Au\u00dferdem hat es ein Pilotprojekt in Bern genehmigt. Weil es Gerichten in der Schweiz nicht erlaubt ist, zerstrittene Paare vor der Scheidung zu einer Mediation zu verpflichten, hat der Kanton Bern in Absprache mit dem Bundesamt f\u00fcr Justiz f\u00fcr den Pilotversuch erstmals eine Sondergenehmigung der Zivilprozessordnung zur Anwendung gebracht, um [&hellip;]<\/p>\n","protected":false},"author":80,"featured_media":1084,"comment_status":"closed","ping_status":"closed","sticky":false,"template":"","format":"standard","meta":[],"categories":[286],"tags":[203,250,305],"_links":{"self":[{"href":"https:\/\/blog.otto-schmidt.de\/zkm-report\/wp-json\/wp\/v2\/posts\/1076"}],"collection":[{"href":"https:\/\/blog.otto-schmidt.de\/zkm-report\/wp-json\/wp\/v2\/posts"}],"about":[{"href":"https:\/\/blog.otto-schmidt.de\/zkm-report\/wp-json\/wp\/v2\/types\/post"}],"author":[{"embeddable":true,"href":"https:\/\/blog.otto-schmidt.de\/zkm-report\/wp-json\/wp\/v2\/users\/80"}],"replies":[{"embeddable":true,"href":"https:\/\/blog.otto-schmidt.de\/zkm-report\/wp-json\/wp\/v2\/comments?post=1076"}],"version-history":[{"count":1,"href":"https:\/\/blog.otto-schmidt.de\/zkm-report\/wp-json\/wp\/v2\/posts\/1076\/revisions"}],"predecessor-version":[{"id":1077,"href":"https:\/\/blog.otto-schmidt.de\/zkm-report\/wp-json\/wp\/v2\/posts\/1076\/revisions\/1077"}],"wp:featuredmedia":[{"embeddable":true,"href":"https:\/\/blog.otto-schmidt.de\/zkm-report\/wp-json\/wp\/v2\/media\/1084"}],"wp:attachment":[{"href":"https:\/\/blog.otto-schmidt.de\/zkm-report\/wp-json\/wp\/v2\/media?parent=1076"}],"wp:term":[{"taxonomy":"category","embeddable":true,"href":"https:\/\/blog.otto-schmidt.de\/zkm-report\/wp-json\/wp\/v2\/categories?post=1076"},{"taxonomy":"post_tag","embeddable":true,"href":"https:\/\/blog.otto-schmidt.de\/zkm-report\/wp-json\/wp\/v2\/tags?post=1076"}],"curies":[{"name":"wp","href":"https:\/\/api.w.org\/{rel}","templated":true}]}}