{"id":1214,"date":"2024-03-14T15:54:57","date_gmt":"2024-03-14T14:54:57","guid":{"rendered":"https:\/\/blog.otto-schmidt.de\/zkm-report\/?p=1214"},"modified":"2024-03-14T15:54:57","modified_gmt":"2024-03-14T14:54:57","slug":"die-blaue-konferenz-kopf-hoch-empowerment-fuer-familien-im-wandel","status":"publish","type":"post","link":"https:\/\/blog.otto-schmidt.de\/zkm-report\/2024\/03\/14\/die-blaue-konferenz-kopf-hoch-empowerment-fuer-familien-im-wandel\/","title":{"rendered":"Die Blaue Konferenz: \u201eKopf hoch\u201c \u2013 Empowerment f\u00fcr Familien im Wandel"},"content":{"rendered":"<p>Unsere Gesellschaft befindet sich in einem tiefgreifenden Wandel, Unsicherheit und Komplexit\u00e4t beunruhigen und belasten die Menschen. Trendstudien und Zukunftsforscher belegen: Zuversicht, Glaube und Hoffnung scheinen insbesondere aus dem europ\u00e4ischen Blickwinkel abzunehmen.<\/p>\n<p>Die Bundesarbeitsgemeinschaft f\u00fcr Familienmediation (BAFM) stellt sich den anstehenden Ver\u00e4nderungen: Am <strong>18. Juni 2024<\/strong>, dem Tag der Mediation, l\u00e4dt die BAFM zur <strong>Blauen Konferenz \u201eKopf hoch\u201c<\/strong> nach Berlin ein.<\/p>\n<p>Im Open Space-Format sollen Zukunftsperspektiven f\u00fcr Familien diskutiert und gestaltet, Synergien gebildet, Schwarmintelligenz genutzt und \u00fcber den Tellerrand geschaut werden.<\/p>\n<p>Ziel ist es, die Familien als Ort von Bindung, Wachsen und R\u00fcckzug zu empowern. Dahinter steht die \u00dcberzeugung: Geht es den Menschen in ihren Familien gut und w\u00e4chst dort die Zuversicht und das Vertrauen, wird es der Gesellschaft insgesamt besser gehen.<\/p>\n<p>Die Konferenz er\u00f6ffnet mit einem Impulsvortrag \u201e<strong>Kopf hoch \u2013 Mental gesund und stark in herausfordernden Zeiten<\/strong>\u201c von <strong>Prof. Dr. Volker Busch<\/strong>, Neuropsychologe, Bestseller-Autor, Podcaster und Speaker des Jahres 2023.<\/p>\n<p>Ein Podium mit Prof. Dr. Volker Busch, Prof Dr. Ulla Gl\u00e4\u00dfer, Dr. Isabell L\u00fctkehaus, Anne Waterstraat und Matthias W\u00fcrtemberger diskutiert im Anschluss erste Ideen.<\/p>\n<p>Am Nachmittag ist dann das Plenum gefragt. In einer Mischung aus World Caf\u00e9 und Open Space besteht Gelegenheit, neu zu denken: Was bedeutet Familie heute? Wie k\u00f6nnen die Ressourcen daraus gest\u00e4rkt und genutzt werden? Wie helfen wir den jungen Menschen und denjenigen, die f\u00fcr sie sorgen? Wie st\u00e4rken wir Resilienz, Zuversicht und Eigenverantwortung? Welche Hilfestellungen sind erfolgreich? Was kann von der Gesellschaft erwartet werden? Wie entsteht Generationengerechtigkeit? Wie werden Ressourcen vermehrt? Was gibt uns Energie? \u2026.<\/p>\n<p>Infos und Anmeldung unter <a href=\"https:\/\/www.bafm-mediation.de\/verband\/die-blaue-konferenz\/\">https:\/\/www.bafm-mediation.de\/verband\/die-blaue-konferenz\/<\/a><\/p>\n","protected":false},"excerpt":{"rendered":"<p>Unsere Gesellschaft befindet sich in einem tiefgreifenden Wandel, Unsicherheit und Komplexit\u00e4t beunruhigen und belasten die Menschen. Trendstudien und Zukunftsforscher belegen: Zuversicht, Glaube und Hoffnung scheinen insbesondere aus dem europ\u00e4ischen Blickwinkel abzunehmen. Die Bundesarbeitsgemeinschaft f\u00fcr Familienmediation (BAFM) stellt sich den anstehenden Ver\u00e4nderungen: Am 18. Juni 2024, dem Tag der Mediation, l\u00e4dt die BAFM zur Blauen Konferenz \u201eKopf hoch\u201c nach Berlin ein. Im Open Space-Format sollen Zukunftsperspektiven f\u00fcr Familien diskutiert und gestaltet, Synergien gebildet, Schwarmintelligenz genutzt und \u00fcber den Tellerrand geschaut werden. Ziel ist es, die Familien als Ort von Bindung, Wachsen und R\u00fcckzug zu empowern. Dahinter steht die \u00dcberzeugung: Geht es den Menschen in ihren Familien gut und w\u00e4chst dort die Zuversicht und das Vertrauen, wird es der Gesellschaft insgesamt besser gehen. Die Konferenz er\u00f6ffnet mit einem Impulsvortrag \u201eKopf hoch \u2013 Mental gesund und stark in herausfordernden Zeiten\u201c von Prof. Dr. Volker Busch, Neuropsychologe, Bestseller-Autor, Podcaster und Speaker des Jahres 2023. Ein Podium mit Prof. Dr. Volker Busch, Prof Dr. Ulla Gl\u00e4\u00dfer, Dr. Isabell L\u00fctkehaus, Anne Waterstraat und Matthias W\u00fcrtemberger diskutiert im Anschluss erste Ideen. Am Nachmittag ist dann das Plenum gefragt. In einer Mischung aus World Caf\u00e9 und Open Space besteht Gelegenheit, neu zu denken: Was bedeutet Familie heute? Wie [&hellip;]<\/p>\n","protected":false},"author":80,"featured_media":1216,"comment_status":"closed","ping_status":"closed","sticky":false,"template":"","format":"standard","meta":[],"categories":[335],"tags":[216,350,349],"_links":{"self":[{"href":"https:\/\/blog.otto-schmidt.de\/zkm-report\/wp-json\/wp\/v2\/posts\/1214"}],"collection":[{"href":"https:\/\/blog.otto-schmidt.de\/zkm-report\/wp-json\/wp\/v2\/posts"}],"about":[{"href":"https:\/\/blog.otto-schmidt.de\/zkm-report\/wp-json\/wp\/v2\/types\/post"}],"author":[{"embeddable":true,"href":"https:\/\/blog.otto-schmidt.de\/zkm-report\/wp-json\/wp\/v2\/users\/80"}],"replies":[{"embeddable":true,"href":"https:\/\/blog.otto-schmidt.de\/zkm-report\/wp-json\/wp\/v2\/comments?post=1214"}],"version-history":[{"count":2,"href":"https:\/\/blog.otto-schmidt.de\/zkm-report\/wp-json\/wp\/v2\/posts\/1214\/revisions"}],"predecessor-version":[{"id":1226,"href":"https:\/\/blog.otto-schmidt.de\/zkm-report\/wp-json\/wp\/v2\/posts\/1214\/revisions\/1226"}],"wp:featuredmedia":[{"embeddable":true,"href":"https:\/\/blog.otto-schmidt.de\/zkm-report\/wp-json\/wp\/v2\/media\/1216"}],"wp:attachment":[{"href":"https:\/\/blog.otto-schmidt.de\/zkm-report\/wp-json\/wp\/v2\/media?parent=1214"}],"wp:term":[{"taxonomy":"category","embeddable":true,"href":"https:\/\/blog.otto-schmidt.de\/zkm-report\/wp-json\/wp\/v2\/categories?post=1214"},{"taxonomy":"post_tag","embeddable":true,"href":"https:\/\/blog.otto-schmidt.de\/zkm-report\/wp-json\/wp\/v2\/tags?post=1214"}],"curies":[{"name":"wp","href":"https:\/\/api.w.org\/{rel}","templated":true}]}}