{"id":1392,"date":"2024-09-15T17:22:03","date_gmt":"2024-09-15T15:22:03","guid":{"rendered":"https:\/\/blog.otto-schmidt.de\/zkm-report\/?p=1392"},"modified":"2024-09-15T17:22:03","modified_gmt":"2024-09-15T15:22:03","slug":"vorgestellt-die-konfliktakademie-an-der-uni-bielefeld","status":"publish","type":"post","link":"https:\/\/blog.otto-schmidt.de\/zkm-report\/2024\/09\/15\/vorgestellt-die-konfliktakademie-an-der-uni-bielefeld\/","title":{"rendered":"Vorgestellt: Die Konfliktakademie an der Uni Bielefeld"},"content":{"rendered":"<p>ConflictA ist der Name der 2023 gegr\u00fcndeten Konfliktakademie am Institut f\u00fcr interdisziplin\u00e4re Konflikt- und Gewaltforschung (IKG) an der Universit\u00e4t Bielefeld. ConflictA analysiert die Bew\u00e4ltigung innergesellschaftlicher demokratierelevanter Konflikte und ver\u00f6ffentlicht die entsprechenden Ergebnisse. Das Ziel der ConflictA ist es, ein tiefergehendes Verst\u00e4ndnis von Gegenwartskonflikten zu schaffen, den Umgang mit diesen gleichzeitig durch verschiedene Angebote konstruktiv zu gestalten sowie die Entwicklung von regionalen und \u00fcberregionale Konfliktbew\u00e4ltigungsstrategien. Das Bundesministerium f\u00fcr Bildung und Forschung (BMBF) f\u00f6rdert die Arbeit der ConflictA.\u00a0 Von StreetArt-Auseinandersetzungen in Stadtteilen, \u00fcber kommunale Konfliktbearbeitung bis hin zu transnationalen Konfliktdynamiken und ihren Auswirkungen auf das Zusammenleben \u2013 das Spektrum der ConflictA-Pilotphase ist breit.<\/p>\n<p>Geleitet wird die Konfliktakademie von dem Sozialpsychologen Prof. Dr. Andreas Zick. Er ist Professor f\u00fcr Sozialisation und Konfliktforschung und leitet seit April 2013 das Institut f\u00fcr interdisziplin\u00e4re Konflikt- und Gewaltforschung (IKG) an der Universit\u00e4t Bielefeld.<\/p>\n<p>Aktuelle hat ConflictA die Studie \u201eBestandsaufnahme Konfliktbearbeitung in Deutschland&#8220; initiiert. Dazu werden derzeit Befragungen in den relevanten Kreisen durchgef\u00fchrt. Ziel der Befragungen ist es, eine systematische \u00dcbersicht \u00fcber Organisationen im Bereich der Konfliktbearbeitung in Deutschland zu schaffen, die sich mit gesellschaftlichen Konfliktlagen besch\u00e4ftigen.<\/p>\n<p><em>Quelle: https:\/\/www.uni-bielefeld.de\/zwe\/ikg\/projekte\/conflicta\/index.xml<\/em><\/p>\n","protected":false},"excerpt":{"rendered":"<p>ConflictA ist der Name der 2023 gegr\u00fcndeten Konfliktakademie am Institut f\u00fcr interdisziplin\u00e4re Konflikt- und Gewaltforschung (IKG) an der Universit\u00e4t Bielefeld. ConflictA analysiert die Bew\u00e4ltigung innergesellschaftlicher demokratierelevanter Konflikte und ver\u00f6ffentlicht die entsprechenden Ergebnisse. Das Ziel der ConflictA ist es, ein tiefergehendes Verst\u00e4ndnis von Gegenwartskonflikten zu schaffen, den Umgang mit diesen gleichzeitig durch verschiedene Angebote konstruktiv zu gestalten sowie die Entwicklung von regionalen und \u00fcberregionale Konfliktbew\u00e4ltigungsstrategien. Das Bundesministerium f\u00fcr Bildung und Forschung (BMBF) f\u00f6rdert die Arbeit der ConflictA.\u00a0 Von StreetArt-Auseinandersetzungen in Stadtteilen, \u00fcber kommunale Konfliktbearbeitung bis hin zu transnationalen Konfliktdynamiken und ihren Auswirkungen auf das Zusammenleben \u2013 das Spektrum der ConflictA-Pilotphase ist breit. Geleitet wird die Konfliktakademie von dem Sozialpsychologen Prof. Dr. Andreas Zick. Er ist Professor f\u00fcr Sozialisation und Konfliktforschung und leitet seit April 2013 das Institut f\u00fcr interdisziplin\u00e4re Konflikt- und Gewaltforschung (IKG) an der Universit\u00e4t Bielefeld. Aktuelle hat ConflictA die Studie \u201eBestandsaufnahme Konfliktbearbeitung in Deutschland&#8220; initiiert. Dazu werden derzeit Befragungen in den relevanten Kreisen durchgef\u00fchrt. Ziel der Befragungen ist es, eine systematische \u00dcbersicht \u00fcber Organisationen im Bereich der Konfliktbearbeitung in Deutschland zu schaffen, die sich mit gesellschaftlichen Konfliktlagen besch\u00e4ftigen. Quelle: https:\/\/www.uni-bielefeld.de\/zwe\/ikg\/projekte\/conflicta\/index.xml<\/p>\n","protected":false},"author":80,"featured_media":1394,"comment_status":"closed","ping_status":"closed","sticky":false,"template":"","format":"standard","meta":[],"categories":[408],"tags":[411,410,412],"_links":{"self":[{"href":"https:\/\/blog.otto-schmidt.de\/zkm-report\/wp-json\/wp\/v2\/posts\/1392"}],"collection":[{"href":"https:\/\/blog.otto-schmidt.de\/zkm-report\/wp-json\/wp\/v2\/posts"}],"about":[{"href":"https:\/\/blog.otto-schmidt.de\/zkm-report\/wp-json\/wp\/v2\/types\/post"}],"author":[{"embeddable":true,"href":"https:\/\/blog.otto-schmidt.de\/zkm-report\/wp-json\/wp\/v2\/users\/80"}],"replies":[{"embeddable":true,"href":"https:\/\/blog.otto-schmidt.de\/zkm-report\/wp-json\/wp\/v2\/comments?post=1392"}],"version-history":[{"count":1,"href":"https:\/\/blog.otto-schmidt.de\/zkm-report\/wp-json\/wp\/v2\/posts\/1392\/revisions"}],"predecessor-version":[{"id":1393,"href":"https:\/\/blog.otto-schmidt.de\/zkm-report\/wp-json\/wp\/v2\/posts\/1392\/revisions\/1393"}],"wp:featuredmedia":[{"embeddable":true,"href":"https:\/\/blog.otto-schmidt.de\/zkm-report\/wp-json\/wp\/v2\/media\/1394"}],"wp:attachment":[{"href":"https:\/\/blog.otto-schmidt.de\/zkm-report\/wp-json\/wp\/v2\/media?parent=1392"}],"wp:term":[{"taxonomy":"category","embeddable":true,"href":"https:\/\/blog.otto-schmidt.de\/zkm-report\/wp-json\/wp\/v2\/categories?post=1392"},{"taxonomy":"post_tag","embeddable":true,"href":"https:\/\/blog.otto-schmidt.de\/zkm-report\/wp-json\/wp\/v2\/tags?post=1392"}],"curies":[{"name":"wp","href":"https:\/\/api.w.org\/{rel}","templated":true}]}}