{"id":1617,"date":"2025-05-14T16:50:18","date_gmt":"2025-05-14T14:50:18","guid":{"rendered":"https:\/\/blog.otto-schmidt.de\/zkm-report\/?p=1617"},"modified":"2025-05-14T16:50:18","modified_gmt":"2025-05-14T14:50:18","slug":"zentrum-fuer-europaeischen-verbraucherschutz-justiz-ohne-grenzen-gewinnt-interreg-slam","status":"publish","type":"post","link":"https:\/\/blog.otto-schmidt.de\/zkm-report\/2025\/05\/14\/zentrum-fuer-europaeischen-verbraucherschutz-justiz-ohne-grenzen-gewinnt-interreg-slam\/","title":{"rendered":"Zentrum f\u00fcr europ\u00e4ischen Verbraucherschutz: \u201eJustiz ohne Grenzen&#8220; gewinnt Interreg Slam"},"content":{"rendered":"<p>Das deutsch-franz\u00f6sische Rechtshilfeprojekt konnte beim InterregGo!-Event in Gorizia \u00fcberzeugen und gewann den Publikumspreis f\u00fcr seine beeindruckende und pr\u00e4gnante Projektvorstellung. Es ist das erste von Interreg Oberrhein gef\u00f6rderte Projekt, das diese Auszeichnung erh\u00e4lt. Auf der InterregGo!-B\u00fchne erz\u00e4hlte \u201eJustiz ohne Grenzen&#8220; die Geschichte von Eric. Er ist Franzose und gl\u00fccklich verheiratet. Doch eines Tages passiert das Unfassbare. Seine Partnerin geht mit dem gemeinsamen Kind vor die T\u00fcr \u2013 und kehrt nie wieder zur\u00fcck. Was die Situation kompliziert macht: Sie hat das Kind nach Deutschland mitgenommen, also in ein anderes EU-Land. Eric steht nun hilflos zwischen den Beh\u00f6rden zweier L\u00e4nder und erh\u00e4lt widerspr\u00fcchliche Informationen. Welches Recht gilt f\u00fcr seinen Fall \u2013 das deutsche oder das franz\u00f6sische? Welches Gericht ist zust\u00e4ndig?<\/p>\n<p>Seit dem Projektstart im Februar 2023 bietet \u201eJustiz ohne Grenzen&#8220; diesen Menschen Orientierung. Das Zentrum f\u00fcr Europ\u00e4ischen Verbraucherschutz e. V. (ZEV), welches das Projekt tr\u00e4gt und umsetzt, organisiert vor Ort in Kehl oder per Videokonferenz kostenlose Erstberatungen mit zweisprachigen Anw\u00e4lt\/innen, Notar\/innen und Gerichtsvollzieher\/innen. Seit dem Projektstart konnte &#8222;Justiz ohne Grenzen&#8220; \u00fcber 1.300 B\u00fcrgerinnen und B\u00fcrger unterst\u00fctzen und mehr als 500 kostenlose Erstberatungen organisieren.<\/p>\n<p>Seit zehn Jahren wird der Preis an grenz\u00fcberschreitende Projekte verliehen, die durch das Interreg-Programm der Europ\u00e4ischen Union gef\u00f6rdert werden. Statt klassischer Vortr\u00e4ge soll auf mitrei\u00dfende Weise gezeigt werden, wie Projekte das Leben der B\u00fcrgerinnen und B\u00fcrger in Europa besser machen \u2013 vergleichbar mit einem Poetry Slam oder TED Talk. Dabei werden besonders herausragende Projekte ausgezeichnet, welche die europ\u00e4ische Zusammenarbeit und Koh\u00e4sion st\u00e4rken und einen sp\u00fcrbaren Unterschied machen.<\/p>\n<p><em>Quelle: www.cec-zev.eu v. 14.4.2025<\/em><\/p>\n","protected":false},"excerpt":{"rendered":"<p>Das deutsch-franz\u00f6sische Rechtshilfeprojekt konnte beim InterregGo!-Event in Gorizia \u00fcberzeugen und gewann den Publikumspreis f\u00fcr seine beeindruckende und pr\u00e4gnante Projektvorstellung. Es ist das erste von Interreg Oberrhein gef\u00f6rderte Projekt, das diese Auszeichnung erh\u00e4lt. Auf der InterregGo!-B\u00fchne erz\u00e4hlte \u201eJustiz ohne Grenzen&#8220; die Geschichte von Eric. Er ist Franzose und gl\u00fccklich verheiratet. Doch eines Tages passiert das Unfassbare. Seine Partnerin geht mit dem gemeinsamen Kind vor die T\u00fcr \u2013 und kehrt nie wieder zur\u00fcck. Was die Situation kompliziert macht: Sie hat das Kind nach Deutschland mitgenommen, also in ein anderes EU-Land. Eric steht nun hilflos zwischen den Beh\u00f6rden zweier L\u00e4nder und erh\u00e4lt widerspr\u00fcchliche Informationen. Welches Recht gilt f\u00fcr seinen Fall \u2013 das deutsche oder das franz\u00f6sische? Welches Gericht ist zust\u00e4ndig? Seit dem Projektstart im Februar 2023 bietet \u201eJustiz ohne Grenzen&#8220; diesen Menschen Orientierung. Das Zentrum f\u00fcr Europ\u00e4ischen Verbraucherschutz e. V. (ZEV), welches das Projekt tr\u00e4gt und umsetzt, organisiert vor Ort in Kehl oder per Videokonferenz kostenlose Erstberatungen mit zweisprachigen Anw\u00e4lt\/innen, Notar\/innen und Gerichtsvollzieher\/innen. Seit dem Projektstart konnte &#8222;Justiz ohne Grenzen&#8220; \u00fcber 1.300 B\u00fcrgerinnen und B\u00fcrger unterst\u00fctzen und mehr als 500 kostenlose Erstberatungen organisieren. Seit zehn Jahren wird der Preis an grenz\u00fcberschreitende Projekte verliehen, die durch das Interreg-Programm der Europ\u00e4ischen Union gef\u00f6rdert werden. Statt [&hellip;]<\/p>\n","protected":false},"author":80,"featured_media":1619,"comment_status":"closed","ping_status":"closed","sticky":false,"template":"","format":"standard","meta":[],"categories":[506],"tags":[512,511,510],"_links":{"self":[{"href":"https:\/\/blog.otto-schmidt.de\/zkm-report\/wp-json\/wp\/v2\/posts\/1617"}],"collection":[{"href":"https:\/\/blog.otto-schmidt.de\/zkm-report\/wp-json\/wp\/v2\/posts"}],"about":[{"href":"https:\/\/blog.otto-schmidt.de\/zkm-report\/wp-json\/wp\/v2\/types\/post"}],"author":[{"embeddable":true,"href":"https:\/\/blog.otto-schmidt.de\/zkm-report\/wp-json\/wp\/v2\/users\/80"}],"replies":[{"embeddable":true,"href":"https:\/\/blog.otto-schmidt.de\/zkm-report\/wp-json\/wp\/v2\/comments?post=1617"}],"version-history":[{"count":1,"href":"https:\/\/blog.otto-schmidt.de\/zkm-report\/wp-json\/wp\/v2\/posts\/1617\/revisions"}],"predecessor-version":[{"id":1618,"href":"https:\/\/blog.otto-schmidt.de\/zkm-report\/wp-json\/wp\/v2\/posts\/1617\/revisions\/1618"}],"wp:featuredmedia":[{"embeddable":true,"href":"https:\/\/blog.otto-schmidt.de\/zkm-report\/wp-json\/wp\/v2\/media\/1619"}],"wp:attachment":[{"href":"https:\/\/blog.otto-schmidt.de\/zkm-report\/wp-json\/wp\/v2\/media?parent=1617"}],"wp:term":[{"taxonomy":"category","embeddable":true,"href":"https:\/\/blog.otto-schmidt.de\/zkm-report\/wp-json\/wp\/v2\/categories?post=1617"},{"taxonomy":"post_tag","embeddable":true,"href":"https:\/\/blog.otto-schmidt.de\/zkm-report\/wp-json\/wp\/v2\/tags?post=1617"}],"curies":[{"name":"wp","href":"https:\/\/api.w.org\/{rel}","templated":true}]}}