{"id":1645,"date":"2025-05-14T17:11:47","date_gmt":"2025-05-14T15:11:47","guid":{"rendered":"https:\/\/blog.otto-schmidt.de\/zkm-report\/?p=1645"},"modified":"2025-06-12T09:42:42","modified_gmt":"2025-06-12T07:42:42","slug":"einladung-zur-digitalen-verleihung-der-mediationspreise-2024-gemeinsam-fuer-einen-konstruktiven-dialog","status":"publish","type":"post","link":"https:\/\/blog.otto-schmidt.de\/zkm-report\/2025\/05\/14\/einladung-zur-digitalen-verleihung-der-mediationspreise-2024-gemeinsam-fuer-einen-konstruktiven-dialog\/","title":{"rendered":"Einladung zur digitalen Verleihung der Mediationspreise 2024 \u2013 Gemeinsam f\u00fcr einen konstruktiven Dialog"},"content":{"rendered":"<p>Am 11. Juni 2025 ist es wieder soweit: Die Centrale f\u00fcr Mediation l\u00e4dt zur feierlichen digitalen Verleihung der Mediationspreise 2024 ein! Unter dem Motto <strong>\u201eVorbedingungen f\u00fcr konstruktiven Dialog\u201c<\/strong> widmet sich die Veranstaltung einer der dr\u00e4ngendsten gesellschaftlichen Fragen unserer Zeit: Wie kann Konfliktaustragung in Zeiten von Polarisierung und Werteheterogenit\u00e4t gelingen?<\/p>\n<p>Angesichts zunehmender Spannungen, autokratischer Tendenzen und sozialer Spaltungen setzt die Preisverleihung ein wichtiges Zeichen. Sie beleuchtet Ans\u00e4tze, die es erm\u00f6glichen, mit Ambiguit\u00e4t umzugehen, demokratische Werte zu st\u00e4rken und Interessenausgleich auch unter herausfordernden Bedingungen zu f\u00f6rdern. Denn: Echte Verst\u00e4ndigung erfordert einen gemeinsamen Minimalkonsens \u00fcber die W\u00fcrde des Menschen, die Achtung unterschiedlicher Perspektiven und die Bereitschaft, Argumente kritisch zu w\u00fcrdigen.<\/p>\n<p><strong>Auszeichnung innovativer Arbeiten<\/strong> In allen Kategorien werden dieses Jahr herausragende wissenschaftliche und praxisnahe Arbeiten und Leistungen pr\u00e4miert, die sich zumindest auch mit den rechts- und gesellschaftspolitischen Dimensionen der Mediation besch\u00e4ftigen. Die Preistr\u00e4ger werden w\u00e4hrend der Veranstaltung vorgestellt und f\u00fcr ihre wegweisenden Beitr\u00e4ge geehrt.<\/p>\n<p><strong>Moderation und Jury<\/strong> Durch die Veranstaltung f\u00fchrt Rechtsanwalt <strong>Dr. Andreas Hacke<\/strong>, der zugleich Mitglied der hochkar\u00e4tigen Jury ist, die das Programm aktiv mitgestaltet:<\/p>\n<ul>\n<li>Prof. Dr. Nadja Alexander, Singapore Management University<\/li>\n<li>Prof. Dr. Lars Kirchhoff (Vorsitz), Europa-Universit\u00e4t Viadrina Frankfurt (Oder)<\/li>\n<li>Prof. Dr. Caroline Meller-Hannich, Martin-Lutter-Universit\u00e4t Halle-Wittenberge<\/li>\n<li>Prof. Dr. Felix Steffek, University of Cambridge<\/li>\n<li>Prof. i.R. Dr. Alexander Redlich, Univerit\u00e4t Hamburg<\/li>\n<\/ul>\n<p><strong>Jetzt anmelden und dabei sein!<\/strong> Die Online-Verleihung findet von <strong>16:00 bis 18:00 Uhr<\/strong> statt und bietet neben der Ehrung der Preistr\u00e4ger spannende Impulse sowie Austauschm\u00f6glichkeiten f\u00fcr die Teilnehmenden.<\/p>\n<p>Wir freuen uns auf Sie!<\/p>\n<p>Hier geht&#8217;s zur <a href=\"https:\/\/www.otto-schmidt.de\/seminare\/ausbildung-mediation\/vorbedingungen-fuer-konstruktiven-dialog-verleihung-der-mediationspreise-2024\">Anmeldung<\/a>.<\/p>\n","protected":false},"excerpt":{"rendered":"<p>Am 11. Juni 2025 ist es wieder soweit: Die Centrale f\u00fcr Mediation l\u00e4dt zur feierlichen digitalen Verleihung der Mediationspreise 2024 ein! Unter dem Motto \u201eVorbedingungen f\u00fcr konstruktiven Dialog\u201c widmet sich die Veranstaltung einer der dr\u00e4ngendsten gesellschaftlichen Fragen unserer Zeit: Wie kann Konfliktaustragung in Zeiten von Polarisierung und Werteheterogenit\u00e4t gelingen? Angesichts zunehmender Spannungen, autokratischer Tendenzen und sozialer Spaltungen setzt die Preisverleihung ein wichtiges Zeichen. Sie beleuchtet Ans\u00e4tze, die es erm\u00f6glichen, mit Ambiguit\u00e4t umzugehen, demokratische Werte zu st\u00e4rken und Interessenausgleich auch unter herausfordernden Bedingungen zu f\u00f6rdern. Denn: Echte Verst\u00e4ndigung erfordert einen gemeinsamen Minimalkonsens \u00fcber die W\u00fcrde des Menschen, die Achtung unterschiedlicher Perspektiven und die Bereitschaft, Argumente kritisch zu w\u00fcrdigen. Auszeichnung innovativer Arbeiten In allen Kategorien werden dieses Jahr herausragende wissenschaftliche und praxisnahe Arbeiten und Leistungen pr\u00e4miert, die sich zumindest auch mit den rechts- und gesellschaftspolitischen Dimensionen der Mediation besch\u00e4ftigen. Die Preistr\u00e4ger werden w\u00e4hrend der Veranstaltung vorgestellt und f\u00fcr ihre wegweisenden Beitr\u00e4ge geehrt. Moderation und Jury Durch die Veranstaltung f\u00fchrt Rechtsanwalt Dr. Andreas Hacke, der zugleich Mitglied der hochkar\u00e4tigen Jury ist, die das Programm aktiv mitgestaltet: Prof. Dr. Nadja Alexander, Singapore Management University Prof. Dr. Lars Kirchhoff (Vorsitz), Europa-Universit\u00e4t Viadrina Frankfurt (Oder) Prof. Dr. Caroline Meller-Hannich, Martin-Lutter-Universit\u00e4t Halle-Wittenberge Prof. Dr. Felix Steffek, University [&hellip;]<\/p>\n","protected":false},"author":80,"featured_media":1608,"comment_status":"closed","ping_status":"closed","sticky":false,"template":"","format":"standard","meta":[],"categories":[1],"tags":[531,529,528,249,530,248],"_links":{"self":[{"href":"https:\/\/blog.otto-schmidt.de\/zkm-report\/wp-json\/wp\/v2\/posts\/1645"}],"collection":[{"href":"https:\/\/blog.otto-schmidt.de\/zkm-report\/wp-json\/wp\/v2\/posts"}],"about":[{"href":"https:\/\/blog.otto-schmidt.de\/zkm-report\/wp-json\/wp\/v2\/types\/post"}],"author":[{"embeddable":true,"href":"https:\/\/blog.otto-schmidt.de\/zkm-report\/wp-json\/wp\/v2\/users\/80"}],"replies":[{"embeddable":true,"href":"https:\/\/blog.otto-schmidt.de\/zkm-report\/wp-json\/wp\/v2\/comments?post=1645"}],"version-history":[{"count":4,"href":"https:\/\/blog.otto-schmidt.de\/zkm-report\/wp-json\/wp\/v2\/posts\/1645\/revisions"}],"predecessor-version":[{"id":1655,"href":"https:\/\/blog.otto-schmidt.de\/zkm-report\/wp-json\/wp\/v2\/posts\/1645\/revisions\/1655"}],"wp:featuredmedia":[{"embeddable":true,"href":"https:\/\/blog.otto-schmidt.de\/zkm-report\/wp-json\/wp\/v2\/media\/1608"}],"wp:attachment":[{"href":"https:\/\/blog.otto-schmidt.de\/zkm-report\/wp-json\/wp\/v2\/media?parent=1645"}],"wp:term":[{"taxonomy":"category","embeddable":true,"href":"https:\/\/blog.otto-schmidt.de\/zkm-report\/wp-json\/wp\/v2\/categories?post=1645"},{"taxonomy":"post_tag","embeddable":true,"href":"https:\/\/blog.otto-schmidt.de\/zkm-report\/wp-json\/wp\/v2\/tags?post=1645"}],"curies":[{"name":"wp","href":"https:\/\/api.w.org\/{rel}","templated":true}]}}