{"id":1794,"date":"2026-01-15T07:49:52","date_gmt":"2026-01-15T06:49:52","guid":{"rendered":"https:\/\/blog.otto-schmidt.de\/zkm-report\/?p=1794"},"modified":"2026-01-15T07:49:52","modified_gmt":"2026-01-15T06:49:52","slug":"ki-gestuetzte-wissensvermittlung-soll-konflikte-um-den-wald-schneller-loesen","status":"publish","type":"post","link":"https:\/\/blog.otto-schmidt.de\/zkm-report\/2026\/01\/15\/ki-gestuetzte-wissensvermittlung-soll-konflikte-um-den-wald-schneller-loesen\/","title":{"rendered":"KI-gest\u00fctzte Wissensvermittlung soll Konflikte um den Wald schneller l\u00f6sen"},"content":{"rendered":"<p>K\u00f6nnen Methoden aus dem Bereich der Mediation dabei helfen, festgefahrene Konflikte um die Nutzung von W\u00e4ldern in Deutschland zu l\u00f6sen? Ja, hat das Institut f\u00fcr sozial-\u00f6kologische Forschung (ISOE) in Frankfurt am Main herausgefunden. Der Schl\u00fcssel f\u00fcr die Konfliktl\u00f6sung liegt laut Projektleiterin Deike L\u00fcdtke in Dialogprozessen, in denen konstruktive, ergebnisoffene Gespr\u00e4che gew\u00e4hrleistet sind. Eine besondere Rolle komme dabei der Person zu, die die Mediation moderiere. Sie sollte den reichen Methodenschatz der Mediation beherrschen und Erfahrung in der Moderation von Gruppen haben.<\/p>\n<p>Besonders durch den Klimawandel haben Konflikte um die Waldnutzung zuletzt an Brisanz gewonnen und lokal wie regional viel Aufmerksamkeit erfahren \u2013 etwa, weil durch die Trockenheit der vergangenen Jahre vielerorts gro\u00dfe Kahlfl\u00e4chen entstanden sind. Doch die verschiedenen kommunalen Interessengruppen wie Forstbetriebe, Tourismus\u00e4mter, Umweltschutzverb\u00e4nde sowie Jagdgenossenschaften haben jeweils unterschiedliche Vorstellungen, wie in dieser Situation vorgegangen werden sollte. Dabei k\u00f6nnen sich die Fronten so verh\u00e4rten, dass ein konstruktiver Dialog nicht mehr m\u00f6glich ist.<\/p>\n<p>Um den Transfer von Wissen zwischen Wissenschaft und Praxis zu den Konfliktthemen wie Biodiversit\u00e4t, Klimaschutz, Waldbewirtschaftung oder Waldgesundheit zu unterst\u00fctzen, wurde im Projekt eine KI-gest\u00fctzte Chat-Anwendung entwickelt. Sie soll Kommunen und weiteren Interessierten den Zugang zu den Projektergebnissen erleichtern. \u00dcber eine konversationsbasierte Schnittstelle k\u00f6nnen F\u00f6rster und F\u00f6rsterinneninnen, Waldbesitzende, Kommunalverantwortliche, Umweltverb\u00e4nde oder B\u00fcrgerinnen und B\u00fcrger k\u00fcnftig direkt Fragen zur Bearbeitung von Waldkonflikten stellen.<\/p>\n<p>Im Online-Chat \u201eWaldDialog\u201c erhalten die Anwendenden passgenaue Antworten \u2013 ohne selbst lange in Dokumenten oder auf Webseiten suchen zu m\u00fcssen. Die Anwendung nutzt Technologien der generativen K\u00fcnstlichen Intelligenz, um Inhalte personalisiert und barrierearm bereitzustellen. So wird der Wissenstransfer zu Konflikten um den Wald der Zukunft noch wirksamer und praxisn\u00e4her gestaltet.<\/p>\n<p><em>Quelle: Walddialog.isoe.de und idw Informationsdienst Wissenschaft v. 11.12.2025<\/em><\/p>\n","protected":false},"excerpt":{"rendered":"<p>K\u00f6nnen Methoden aus dem Bereich der Mediation dabei helfen, festgefahrene Konflikte um die Nutzung von W\u00e4ldern in Deutschland zu l\u00f6sen? Ja, hat das Institut f\u00fcr sozial-\u00f6kologische Forschung (ISOE) in Frankfurt am Main herausgefunden. Der Schl\u00fcssel f\u00fcr die Konfliktl\u00f6sung liegt laut Projektleiterin Deike L\u00fcdtke in Dialogprozessen, in denen konstruktive, ergebnisoffene Gespr\u00e4che gew\u00e4hrleistet sind. Eine besondere Rolle komme dabei der Person zu, die die Mediation moderiere. Sie sollte den reichen Methodenschatz der Mediation beherrschen und Erfahrung in der Moderation von Gruppen haben. Besonders durch den Klimawandel haben Konflikte um die Waldnutzung zuletzt an Brisanz gewonnen und lokal wie regional viel Aufmerksamkeit erfahren \u2013 etwa, weil durch die Trockenheit der vergangenen Jahre vielerorts gro\u00dfe Kahlfl\u00e4chen entstanden sind. Doch die verschiedenen kommunalen Interessengruppen wie Forstbetriebe, Tourismus\u00e4mter, Umweltschutzverb\u00e4nde sowie Jagdgenossenschaften haben jeweils unterschiedliche Vorstellungen, wie in dieser Situation vorgegangen werden sollte. Dabei k\u00f6nnen sich die Fronten so verh\u00e4rten, dass ein konstruktiver Dialog nicht mehr m\u00f6glich ist. Um den Transfer von Wissen zwischen Wissenschaft und Praxis zu den Konfliktthemen wie Biodiversit\u00e4t, Klimaschutz, Waldbewirtschaftung oder Waldgesundheit zu unterst\u00fctzen, wurde im Projekt eine KI-gest\u00fctzte Chat-Anwendung entwickelt. Sie soll Kommunen und weiteren Interessierten den Zugang zu den Projektergebnissen erleichtern. \u00dcber eine konversationsbasierte Schnittstelle k\u00f6nnen F\u00f6rster und F\u00f6rsterinneninnen, Waldbesitzende, Kommunalverantwortliche, [&hellip;]<\/p>\n","protected":false},"author":80,"featured_media":1796,"comment_status":"closed","ping_status":"closed","sticky":false,"template":"","format":"standard","meta":[],"categories":[581],"tags":[590,256,589],"_links":{"self":[{"href":"https:\/\/blog.otto-schmidt.de\/zkm-report\/wp-json\/wp\/v2\/posts\/1794"}],"collection":[{"href":"https:\/\/blog.otto-schmidt.de\/zkm-report\/wp-json\/wp\/v2\/posts"}],"about":[{"href":"https:\/\/blog.otto-schmidt.de\/zkm-report\/wp-json\/wp\/v2\/types\/post"}],"author":[{"embeddable":true,"href":"https:\/\/blog.otto-schmidt.de\/zkm-report\/wp-json\/wp\/v2\/users\/80"}],"replies":[{"embeddable":true,"href":"https:\/\/blog.otto-schmidt.de\/zkm-report\/wp-json\/wp\/v2\/comments?post=1794"}],"version-history":[{"count":1,"href":"https:\/\/blog.otto-schmidt.de\/zkm-report\/wp-json\/wp\/v2\/posts\/1794\/revisions"}],"predecessor-version":[{"id":1795,"href":"https:\/\/blog.otto-schmidt.de\/zkm-report\/wp-json\/wp\/v2\/posts\/1794\/revisions\/1795"}],"wp:featuredmedia":[{"embeddable":true,"href":"https:\/\/blog.otto-schmidt.de\/zkm-report\/wp-json\/wp\/v2\/media\/1796"}],"wp:attachment":[{"href":"https:\/\/blog.otto-schmidt.de\/zkm-report\/wp-json\/wp\/v2\/media?parent=1794"}],"wp:term":[{"taxonomy":"category","embeddable":true,"href":"https:\/\/blog.otto-schmidt.de\/zkm-report\/wp-json\/wp\/v2\/categories?post=1794"},{"taxonomy":"post_tag","embeddable":true,"href":"https:\/\/blog.otto-schmidt.de\/zkm-report\/wp-json\/wp\/v2\/tags?post=1794"}],"curies":[{"name":"wp","href":"https:\/\/api.w.org\/{rel}","templated":true}]}}