{"id":1797,"date":"2026-01-15T07:51:52","date_gmt":"2026-01-15T06:51:52","guid":{"rendered":"https:\/\/blog.otto-schmidt.de\/zkm-report\/?p=1797"},"modified":"2026-01-15T07:51:52","modified_gmt":"2026-01-15T06:51:52","slug":"allensbach-jeder-zweite-deutsche-glaubt-er-waere-ein-besserer-richter","status":"publish","type":"post","link":"https:\/\/blog.otto-schmidt.de\/zkm-report\/2026\/01\/15\/allensbach-jeder-zweite-deutsche-glaubt-er-waere-ein-besserer-richter\/","title":{"rendered":"Allensbach: Jeder zweite Deutsche glaubt, er w\u00e4re ein besserer Richter"},"content":{"rendered":"<p>Das allgemeine Misstrauen gegen\u00fcber staatlichen Institutionen erfasst auch die Justiz. Das Ansehen des Bundesverfassungsgerichts sinkt, wie eine Allensbach-Umfrage f\u00fcr die F.A.Z. ergibt. Danach gaben 42 Prozent der B\u00fcrger an, sie h\u00e4tten sehr viel oder ziemlich viel Vertrauen in den Bundesrat, beim Bundestag sind es 36 Prozent. 28 Prozent gaben an, dass sie Vertrauen in die Bundesregierung h\u00e4tten, den Medien vertrauten 22 Prozent, den Parteien 17 Prozent. Das Bundesverfassungsgericht steht deutlich besser da: Bei ihm liegt dieser Wert bei 63 Prozent. Allerdings ist das ein erheblicher R\u00fcckgang gegen\u00fcber 2021, als noch 81 Prozent dem Bundesverfassungsgericht sehr viel oder ziemlich viel Vertrauen entgegenbrachten, schreibt Thomas Petersen vom Institut f\u00fcr Demoskopie Allensbach in einem Gastbeitrag f\u00fcr die FAZ.<\/p>\n<p>In der aktuellen Umfrage wurde zum ersten Mal die Frage gestellt: \u201eWenn ich manche Gerichtsurteile mitbekomme, denke ich mir oft, die Richter haben keine Ahnung, das k\u00f6nnte ich besser als die.\u201c Ergebnis: 48 Prozent der Befragten glaubten im November\/Dezember 2025, sie k\u00f6nnten besser Recht sprechen als die Richter. Man erkennt: Auch die Justiz ist nicht gefeit vor dem negativen Blick der B\u00fcrger. Dies gilt auch f\u00fcr das Bundesverfassungsgericht. So gro\u00df sein Ansehen auch immer noch ist, es ist nicht abgekoppelt von den anderen Institutionen des Staates und damit auch kein Bollwerk mehr gegen den allgemeinen Trend zur Institutionenskepsis, kommentiert Thomas Petersen vom Institut f\u00fcr Demoskopie Allensbach die Zahlen.<\/p>\n<p><em>Quelle: faz.net v. 11.12.2026<\/em><\/p>\n","protected":false},"excerpt":{"rendered":"<p>Das allgemeine Misstrauen gegen\u00fcber staatlichen Institutionen erfasst auch die Justiz. Das Ansehen des Bundesverfassungsgerichts sinkt, wie eine Allensbach-Umfrage f\u00fcr die F.A.Z. ergibt. Danach gaben 42 Prozent der B\u00fcrger an, sie h\u00e4tten sehr viel oder ziemlich viel Vertrauen in den Bundesrat, beim Bundestag sind es 36 Prozent. 28 Prozent gaben an, dass sie Vertrauen in die Bundesregierung h\u00e4tten, den Medien vertrauten 22 Prozent, den Parteien 17 Prozent. Das Bundesverfassungsgericht steht deutlich besser da: Bei ihm liegt dieser Wert bei 63 Prozent. Allerdings ist das ein erheblicher R\u00fcckgang gegen\u00fcber 2021, als noch 81 Prozent dem Bundesverfassungsgericht sehr viel oder ziemlich viel Vertrauen entgegenbrachten, schreibt Thomas Petersen vom Institut f\u00fcr Demoskopie Allensbach in einem Gastbeitrag f\u00fcr die FAZ. In der aktuellen Umfrage wurde zum ersten Mal die Frage gestellt: \u201eWenn ich manche Gerichtsurteile mitbekomme, denke ich mir oft, die Richter haben keine Ahnung, das k\u00f6nnte ich besser als die.\u201c Ergebnis: 48 Prozent der Befragten glaubten im November\/Dezember 2025, sie k\u00f6nnten besser Recht sprechen als die Richter. Man erkennt: Auch die Justiz ist nicht gefeit vor dem negativen Blick der B\u00fcrger. Dies gilt auch f\u00fcr das Bundesverfassungsgericht. So gro\u00df sein Ansehen auch immer noch ist, es ist nicht abgekoppelt von den anderen Institutionen des [&hellip;]<\/p>\n","protected":false},"author":80,"featured_media":1799,"comment_status":"closed","ping_status":"closed","sticky":false,"template":"","format":"standard","meta":[],"categories":[581],"tags":[591,593,592],"_links":{"self":[{"href":"https:\/\/blog.otto-schmidt.de\/zkm-report\/wp-json\/wp\/v2\/posts\/1797"}],"collection":[{"href":"https:\/\/blog.otto-schmidt.de\/zkm-report\/wp-json\/wp\/v2\/posts"}],"about":[{"href":"https:\/\/blog.otto-schmidt.de\/zkm-report\/wp-json\/wp\/v2\/types\/post"}],"author":[{"embeddable":true,"href":"https:\/\/blog.otto-schmidt.de\/zkm-report\/wp-json\/wp\/v2\/users\/80"}],"replies":[{"embeddable":true,"href":"https:\/\/blog.otto-schmidt.de\/zkm-report\/wp-json\/wp\/v2\/comments?post=1797"}],"version-history":[{"count":1,"href":"https:\/\/blog.otto-schmidt.de\/zkm-report\/wp-json\/wp\/v2\/posts\/1797\/revisions"}],"predecessor-version":[{"id":1798,"href":"https:\/\/blog.otto-schmidt.de\/zkm-report\/wp-json\/wp\/v2\/posts\/1797\/revisions\/1798"}],"wp:featuredmedia":[{"embeddable":true,"href":"https:\/\/blog.otto-schmidt.de\/zkm-report\/wp-json\/wp\/v2\/media\/1799"}],"wp:attachment":[{"href":"https:\/\/blog.otto-schmidt.de\/zkm-report\/wp-json\/wp\/v2\/media?parent=1797"}],"wp:term":[{"taxonomy":"category","embeddable":true,"href":"https:\/\/blog.otto-schmidt.de\/zkm-report\/wp-json\/wp\/v2\/categories?post=1797"},{"taxonomy":"post_tag","embeddable":true,"href":"https:\/\/blog.otto-schmidt.de\/zkm-report\/wp-json\/wp\/v2\/tags?post=1797"}],"curies":[{"name":"wp","href":"https:\/\/api.w.org\/{rel}","templated":true}]}}