{"id":342,"date":"2022-03-05T12:16:05","date_gmt":"2022-03-05T11:16:05","guid":{"rendered":"https:\/\/blog.otto-schmidt.de\/zkm-report\/?p=342"},"modified":"2022-05-07T16:07:43","modified_gmt":"2022-05-07T14:07:43","slug":"corona-menschen-suchen-schuldige","status":"publish","type":"post","link":"https:\/\/blog.otto-schmidt.de\/zkm-report\/2022\/03\/05\/corona-menschen-suchen-schuldige\/","title":{"rendered":"Corona: Menschen suchen Schuldige"},"content":{"rendered":"<p>Das Thema Corona spaltet nicht nur die Gesellschaft, sondern auch Familien und f\u00fchrt zu vielen Konflikten. Warum es dazu kommt und wie man die dadurch entstandenen Gr\u00e4ben \u00fcberbr\u00fccken k\u00f6nnte \u2013 damit hat sich die Braunauer Mediatorin, Supervisorin und Landessprecherin des \u00d6sterreichischen Bundesverbands f\u00fcr Mediation (\u00d6BM), <em>Kerstin Pendelin<\/em>, intensiv besch\u00e4ftigt.<\/p>\n<p>Im Bereich der Mediation nimmt die Expertin wahr, dass durch das Thema Corona Konflikte, die es schon l\u00e4nger unterschwellig gab, eher zu Tage treten. Diese seien aber meist nicht die Hauptursache f\u00fcr den Konflikt. Das Thema Corona sei Ausl\u00f6ser, sich in Mediation zu begeben, wobei die Hintergr\u00fcnde f\u00fcr den Konflikt woanders l\u00e4gen.<\/p>\n<p>Die Mediation kann dabei helfen, einen Raum des gegenseitigen Verst\u00e4ndnisaufbaus zu schaffen. Es wird m\u00f6glich, dem Gegen\u00fcber zuzuh\u00f6ren, die Bed\u00fcrfnisse, die hinter der Emotion stecken, herauszufinden und so zu kommunizieren, um was es jemandem wirklich geht.<\/p>\n<p>Die psychischen Belastungen und \u00dcberlastungen f\u00fchren laut <em>Pendelin<\/em> zu Spannungen und Aggressionen. \u201eWenn ein Mensch unter Druck ger\u00e4t, sucht er einen Ausweg. Geraten Menschen \u00fcber l\u00e4ngere Zeit hinweg unter Druck, dann suchen sie Schuldige\u201c, so <em>Pendelin<\/em>. Diese Schuldigen werden dann in allen Richtungen gesucht, seien es Ungeimpfte oder Geimpfte, Politiker, Coronaleugner oder Ma\u00dfnahmenbef\u00fcrworter.<\/p>\n<p>Je l\u00e4nger es dauert, je weniger ein Ende absehbar ist, desto mehr steigen die Frustration, der Druck und das Gef\u00fchl der Ausweglosigkeit. Es entsteht das Gef\u00fchl, sich wehren zu m\u00fcssen. W\u00e4hrend Emotionen wie Wut, Angst und Frust in den Vordergrund treten, werde gegenseitiges Zuh\u00f6ren, wertsch\u00e4tzendes Kommunizieren und das Tolerieren von anderen Meinungen immer weniger m\u00f6glich.<\/p>\n<p><em>Quelle: www.tips.at v. 11.1.2022<\/em><\/p>\n","protected":false},"excerpt":{"rendered":"<p>Das Thema Corona spaltet nicht nur die Gesellschaft, sondern auch Familien und f\u00fchrt zu vielen Konflikten. Warum es dazu kommt und wie man die dadurch entstandenen Gr\u00e4ben \u00fcberbr\u00fccken k\u00f6nnte \u2013 damit hat sich die Braunauer Mediatorin, Supervisorin und Landessprecherin des \u00d6sterreichischen Bundesverbands f\u00fcr Mediation (\u00d6BM), Kerstin Pendelin, intensiv besch\u00e4ftigt. Im Bereich der Mediation nimmt die Expertin wahr, dass durch das Thema Corona Konflikte, die es schon l\u00e4nger unterschwellig gab, eher zu Tage treten. Diese seien aber meist nicht die Hauptursache f\u00fcr den Konflikt. Das Thema Corona sei Ausl\u00f6ser, sich in Mediation zu begeben, wobei die Hintergr\u00fcnde f\u00fcr den Konflikt woanders l\u00e4gen. Die Mediation kann dabei helfen, einen Raum des gegenseitigen Verst\u00e4ndnisaufbaus zu schaffen. Es wird m\u00f6glich, dem Gegen\u00fcber zuzuh\u00f6ren, die Bed\u00fcrfnisse, die hinter der Emotion stecken, herauszufinden und so zu kommunizieren, um was es jemandem wirklich geht. Die psychischen Belastungen und \u00dcberlastungen f\u00fchren laut Pendelin zu Spannungen und Aggressionen. \u201eWenn ein Mensch unter Druck ger\u00e4t, sucht er einen Ausweg. Geraten Menschen \u00fcber l\u00e4ngere Zeit hinweg unter Druck, dann suchen sie Schuldige\u201c, so Pendelin. Diese Schuldigen werden dann in allen Richtungen gesucht, seien es Ungeimpfte oder Geimpfte, Politiker, Coronaleugner oder Ma\u00dfnahmenbef\u00fcrworter. Je l\u00e4nger es dauert, je weniger ein Ende absehbar ist, [&hellip;]<\/p>\n","protected":false},"author":80,"featured_media":363,"comment_status":"closed","ping_status":"closed","sticky":false,"template":"","format":"standard","meta":[],"categories":[147],"tags":[19,8],"_links":{"self":[{"href":"https:\/\/blog.otto-schmidt.de\/zkm-report\/wp-json\/wp\/v2\/posts\/342"}],"collection":[{"href":"https:\/\/blog.otto-schmidt.de\/zkm-report\/wp-json\/wp\/v2\/posts"}],"about":[{"href":"https:\/\/blog.otto-schmidt.de\/zkm-report\/wp-json\/wp\/v2\/types\/post"}],"author":[{"embeddable":true,"href":"https:\/\/blog.otto-schmidt.de\/zkm-report\/wp-json\/wp\/v2\/users\/80"}],"replies":[{"embeddable":true,"href":"https:\/\/blog.otto-schmidt.de\/zkm-report\/wp-json\/wp\/v2\/comments?post=342"}],"version-history":[{"count":1,"href":"https:\/\/blog.otto-schmidt.de\/zkm-report\/wp-json\/wp\/v2\/posts\/342\/revisions"}],"predecessor-version":[{"id":343,"href":"https:\/\/blog.otto-schmidt.de\/zkm-report\/wp-json\/wp\/v2\/posts\/342\/revisions\/343"}],"wp:featuredmedia":[{"embeddable":true,"href":"https:\/\/blog.otto-schmidt.de\/zkm-report\/wp-json\/wp\/v2\/media\/363"}],"wp:attachment":[{"href":"https:\/\/blog.otto-schmidt.de\/zkm-report\/wp-json\/wp\/v2\/media?parent=342"}],"wp:term":[{"taxonomy":"category","embeddable":true,"href":"https:\/\/blog.otto-schmidt.de\/zkm-report\/wp-json\/wp\/v2\/categories?post=342"},{"taxonomy":"post_tag","embeddable":true,"href":"https:\/\/blog.otto-schmidt.de\/zkm-report\/wp-json\/wp\/v2\/tags?post=342"}],"curies":[{"name":"wp","href":"https:\/\/api.w.org\/{rel}","templated":true}]}}