{"id":359,"date":"2022-03-05T13:10:41","date_gmt":"2022-03-05T12:10:41","guid":{"rendered":"https:\/\/blog.otto-schmidt.de\/zkm-report\/?p=359"},"modified":"2022-05-07T16:05:04","modified_gmt":"2022-05-07T14:05:04","slug":"nachdenken-ueber-corona","status":"publish","type":"post","link":"https:\/\/blog.otto-schmidt.de\/zkm-report\/2022\/03\/05\/nachdenken-ueber-corona\/","title":{"rendered":"Nachdenken \u00fcber Corona"},"content":{"rendered":"<p>Der Karlsruher Mediator J\u00fcrgen von Oertzen hat im Internet ein Angebot zum Austausch unter Menschen unterschiedlicher Meinung im Zusammenhang mit der Coronapandemie initiiert und bindet dabei auch die Medien mit ein. Die \u201eCorona Denkr\u00e4ume\u201c haben etwa im Radio bei bigSPIRIT in big FM stattgefunden. Darin waren zwei Teilnehmer zu h\u00f6ren, eine Bef\u00fcrworterin des Impfens und ein Skeptiker bez\u00fcglich der COVID-Impfung und J\u00fcrgen von Oertzen als Erfinder der Corona Denkr\u00e4ume. Die gemeinsam von Christian Besau interviewt werden. Wie bleiben wir im Kontakt trotz unterschiedlicher Meinung, wie k\u00f6nnen wir uns al Menschen respektieren, trotz Meinungsunterschied bei einem Thema, bei den es um viele Tote, um Grundrechtseinschr\u00e4nkungen und viele Emotionen geht?<\/p>\n<p>Was J\u00fcrgen von Oertzen treibt, beschreibt er auf der Website: \u201eMeine eigene Angst ist die vor dem Zerfall der liberalen, demokratischen Gesellschaft. Ich f\u00fcrchte, die meisten von uns (auch ich) sind nur in Teilgruppen (Echokammern, Bubbles, \u2026) unterwegs und k\u00f6nnen kein Verst\u00e4ndnis aufbringen f\u00fcr \u201edie Anderen\u201c. Dann besteht die Gefahr, diese \u201eAnderen\u201c als Fanatiker oder Neurotiker oder einfach: Idioten und Verbrecher, abzutun. Das sind normale Verhaltensmuster in Konflikten (Stichwort \u201emad or bad&#8220;), und sie sind gef\u00e4hrlich: Sie schr\u00e4nken das eigene Denken ein und damit das eigene Handeln. Ganz zu schweigen vom Zusammenleben in der demokratischen Gesellschaft.\u201c<\/p>\n<p><em>Quelle: www.coronadenken.de<\/em><\/p>\n","protected":false},"excerpt":{"rendered":"<p>Der Karlsruher Mediator J\u00fcrgen von Oertzen hat im Internet ein Angebot zum Austausch unter Menschen unterschiedlicher Meinung im Zusammenhang mit der Coronapandemie initiiert und bindet dabei auch die Medien mit ein. Die \u201eCorona Denkr\u00e4ume\u201c haben etwa im Radio bei bigSPIRIT in big FM stattgefunden. Darin waren zwei Teilnehmer zu h\u00f6ren, eine Bef\u00fcrworterin des Impfens und ein Skeptiker bez\u00fcglich der COVID-Impfung und J\u00fcrgen von Oertzen als Erfinder der Corona Denkr\u00e4ume. Die gemeinsam von Christian Besau interviewt werden. Wie bleiben wir im Kontakt trotz unterschiedlicher Meinung, wie k\u00f6nnen wir uns al Menschen respektieren, trotz Meinungsunterschied bei einem Thema, bei den es um viele Tote, um Grundrechtseinschr\u00e4nkungen und viele Emotionen geht? Was J\u00fcrgen von Oertzen treibt, beschreibt er auf der Website: \u201eMeine eigene Angst ist die vor dem Zerfall der liberalen, demokratischen Gesellschaft. Ich f\u00fcrchte, die meisten von uns (auch ich) sind nur in Teilgruppen (Echokammern, Bubbles, \u2026) unterwegs und k\u00f6nnen kein Verst\u00e4ndnis aufbringen f\u00fcr \u201edie Anderen\u201c. Dann besteht die Gefahr, diese \u201eAnderen\u201c als Fanatiker oder Neurotiker oder einfach: Idioten und Verbrecher, abzutun. Das sind normale Verhaltensmuster in Konflikten (Stichwort \u201emad or bad&#8220;), und sie sind gef\u00e4hrlich: Sie schr\u00e4nken das eigene Denken ein und damit das eigene Handeln. Ganz zu schweigen vom Zusammenleben [&hellip;]<\/p>\n","protected":false},"author":80,"featured_media":483,"comment_status":"closed","ping_status":"closed","sticky":false,"template":"","format":"standard","meta":[],"categories":[147],"tags":[19,121],"_links":{"self":[{"href":"https:\/\/blog.otto-schmidt.de\/zkm-report\/wp-json\/wp\/v2\/posts\/359"}],"collection":[{"href":"https:\/\/blog.otto-schmidt.de\/zkm-report\/wp-json\/wp\/v2\/posts"}],"about":[{"href":"https:\/\/blog.otto-schmidt.de\/zkm-report\/wp-json\/wp\/v2\/types\/post"}],"author":[{"embeddable":true,"href":"https:\/\/blog.otto-schmidt.de\/zkm-report\/wp-json\/wp\/v2\/users\/80"}],"replies":[{"embeddable":true,"href":"https:\/\/blog.otto-schmidt.de\/zkm-report\/wp-json\/wp\/v2\/comments?post=359"}],"version-history":[{"count":1,"href":"https:\/\/blog.otto-schmidt.de\/zkm-report\/wp-json\/wp\/v2\/posts\/359\/revisions"}],"predecessor-version":[{"id":360,"href":"https:\/\/blog.otto-schmidt.de\/zkm-report\/wp-json\/wp\/v2\/posts\/359\/revisions\/360"}],"wp:featuredmedia":[{"embeddable":true,"href":"https:\/\/blog.otto-schmidt.de\/zkm-report\/wp-json\/wp\/v2\/media\/483"}],"wp:attachment":[{"href":"https:\/\/blog.otto-schmidt.de\/zkm-report\/wp-json\/wp\/v2\/media?parent=359"}],"wp:term":[{"taxonomy":"category","embeddable":true,"href":"https:\/\/blog.otto-schmidt.de\/zkm-report\/wp-json\/wp\/v2\/categories?post=359"},{"taxonomy":"post_tag","embeddable":true,"href":"https:\/\/blog.otto-schmidt.de\/zkm-report\/wp-json\/wp\/v2\/tags?post=359"}],"curies":[{"name":"wp","href":"https:\/\/api.w.org\/{rel}","templated":true}]}}