{"id":628,"date":"2022-07-14T08:35:21","date_gmt":"2022-07-14T06:35:21","guid":{"rendered":"https:\/\/blog.otto-schmidt.de\/zkm-report\/?p=628"},"modified":"2022-07-14T08:35:21","modified_gmt":"2022-07-14T06:35:21","slug":"suedtirol-autonomie-50-jahre-zweites-autonomiestatut-und-30-jahre-streitbeilegung","status":"publish","type":"post","link":"https:\/\/blog.otto-schmidt.de\/zkm-report\/2022\/07\/14\/suedtirol-autonomie-50-jahre-zweites-autonomiestatut-und-30-jahre-streitbeilegung\/","title":{"rendered":"S\u00fcdtirol-Autonomie. 50 Jahre Zweites Autonomiestatut und 30 Jahre Streitbeilegung"},"content":{"rendered":"<p>Welches Beispiel kann die S\u00fcdtirol-Autonomie f\u00fcr ein friedliches und respektvolles Miteinander sowie f\u00fcr politisches Handeln geben? Dieser Frage widmete sich die von der \u00d6VP initiierte Aktuelle Stunde im Nationalrat \u00d6sterreichs unter dem Titel: \u201eZum Frieden in Europa: Friedliche Konfliktl\u00f6sung am Beispiel S\u00fcdtirols \u2013 30 Jahre Streitbeilegung, 50 Jahre Zweites Autonomiestatut&#8220;.<\/p>\n<p>Man war sich dar\u00fcber einig, dass die Autonomie S\u00fcdtirols ein Erfolgsmodell darstellt. Der Weg bis zur Streitbeilegung war jedoch steinig und langwierig. Die Geschichte der Autonomie S\u00fcdtirols geht auf die Zeit nach dem Ersten Weltkrieg zur\u00fcck, nachdem im Vertrag von Saint-Germain 1919 die Abtretung S\u00fcdtirols an Italien festgelegt worden war.<\/p>\n<p>Der Zweite Weltkrieg \u00e4nderte nichts an dieser Situation. Man einigte sich jedoch darauf, die deutsche und ladinische Minderheit dieses Gebietes mit besonderen Sonderrechten zum Schutz ihrer Sprache und kulturellen Eigenart auszustatten.<\/p>\n<p>Nach langj\u00e4hrigen Verhandlungen wurde die S\u00fcdtiroler Autonomie durch das im Januar 1972 in Kraft getretene Zweite Autonomiestatut als eine Art Territorialverfassung innerhalb der italienischen Nationalverfassung verankert. Es dauerte dann noch bis 1992, bis alle darin enthaltenen Ma\u00dfnahmen umgesetzt wurden. Schlie\u00dflich beendeten \u00d6sterreich und Italien mit der sogenannten Streitbeilegungserkl\u00e4rung den Konflikt \u00fcber die Auslegung und Anwendung des Pariser Vertrages. Damit wurde am 11. Juni 1992 der formelle Abschluss der S\u00fcdtirol-Verhandlungen vor der UNO vollzogen.<\/p>\n<p>Gerade vor dem aktuellen Hintergrund des Krieges in Europa sei die Autonomie S\u00fcdtirols bedeutend, betonte Bundesministerin Karoline Edtstadler. Denn es habe \u00dcberzeugungsarbeit und vieler Kompromisse bedurft, um zu diesem Ergebnis zu gelangen. Die S\u00fcdtiroler Autonomie sei ein Paradebeispiel f\u00fcr Minderheitenrechte und ein internationales Vorzeigemodell. Die Herausforderungen des Jahres 2022 seien Anlass und Aufforderung, den Frieden wiederherzustellen und die gemeinsamen Werte des geeinten Europas weiterzutragen.<\/p>\n<p><em>Quelle: www.ots.at v. 14.6.2022<\/em><\/p>\n","protected":false},"excerpt":{"rendered":"<p>Welches Beispiel kann die S\u00fcdtirol-Autonomie f\u00fcr ein friedliches und respektvolles Miteinander sowie f\u00fcr politisches Handeln geben? Dieser Frage widmete sich die von der \u00d6VP initiierte Aktuelle Stunde im Nationalrat \u00d6sterreichs unter dem Titel: \u201eZum Frieden in Europa: Friedliche Konfliktl\u00f6sung am Beispiel S\u00fcdtirols \u2013 30 Jahre Streitbeilegung, 50 Jahre Zweites Autonomiestatut&#8220;. Man war sich dar\u00fcber einig, dass die Autonomie S\u00fcdtirols ein Erfolgsmodell darstellt. Der Weg bis zur Streitbeilegung war jedoch steinig und langwierig. Die Geschichte der Autonomie S\u00fcdtirols geht auf die Zeit nach dem Ersten Weltkrieg zur\u00fcck, nachdem im Vertrag von Saint-Germain 1919 die Abtretung S\u00fcdtirols an Italien festgelegt worden war. Der Zweite Weltkrieg \u00e4nderte nichts an dieser Situation. Man einigte sich jedoch darauf, die deutsche und ladinische Minderheit dieses Gebietes mit besonderen Sonderrechten zum Schutz ihrer Sprache und kulturellen Eigenart auszustatten. Nach langj\u00e4hrigen Verhandlungen wurde die S\u00fcdtiroler Autonomie durch das im Januar 1972 in Kraft getretene Zweite Autonomiestatut als eine Art Territorialverfassung innerhalb der italienischen Nationalverfassung verankert. Es dauerte dann noch bis 1992, bis alle darin enthaltenen Ma\u00dfnahmen umgesetzt wurden. Schlie\u00dflich beendeten \u00d6sterreich und Italien mit der sogenannten Streitbeilegungserkl\u00e4rung den Konflikt \u00fcber die Auslegung und Anwendung des Pariser Vertrages. Damit wurde am 11. Juni 1992 der formelle Abschluss der S\u00fcdtirol-Verhandlungen [&hellip;]<\/p>\n","protected":false},"author":80,"featured_media":640,"comment_status":"closed","ping_status":"closed","sticky":false,"template":"","format":"standard","meta":[],"categories":[1,149],"tags":[162,163,161],"_links":{"self":[{"href":"https:\/\/blog.otto-schmidt.de\/zkm-report\/wp-json\/wp\/v2\/posts\/628"}],"collection":[{"href":"https:\/\/blog.otto-schmidt.de\/zkm-report\/wp-json\/wp\/v2\/posts"}],"about":[{"href":"https:\/\/blog.otto-schmidt.de\/zkm-report\/wp-json\/wp\/v2\/types\/post"}],"author":[{"embeddable":true,"href":"https:\/\/blog.otto-schmidt.de\/zkm-report\/wp-json\/wp\/v2\/users\/80"}],"replies":[{"embeddable":true,"href":"https:\/\/blog.otto-schmidt.de\/zkm-report\/wp-json\/wp\/v2\/comments?post=628"}],"version-history":[{"count":1,"href":"https:\/\/blog.otto-schmidt.de\/zkm-report\/wp-json\/wp\/v2\/posts\/628\/revisions"}],"predecessor-version":[{"id":629,"href":"https:\/\/blog.otto-schmidt.de\/zkm-report\/wp-json\/wp\/v2\/posts\/628\/revisions\/629"}],"wp:featuredmedia":[{"embeddable":true,"href":"https:\/\/blog.otto-schmidt.de\/zkm-report\/wp-json\/wp\/v2\/media\/640"}],"wp:attachment":[{"href":"https:\/\/blog.otto-schmidt.de\/zkm-report\/wp-json\/wp\/v2\/media?parent=628"}],"wp:term":[{"taxonomy":"category","embeddable":true,"href":"https:\/\/blog.otto-schmidt.de\/zkm-report\/wp-json\/wp\/v2\/categories?post=628"},{"taxonomy":"post_tag","embeddable":true,"href":"https:\/\/blog.otto-schmidt.de\/zkm-report\/wp-json\/wp\/v2\/tags?post=628"}],"curies":[{"name":"wp","href":"https:\/\/api.w.org\/{rel}","templated":true}]}}