{"id":651,"date":"2022-09-13T18:34:44","date_gmt":"2022-09-13T16:34:44","guid":{"rendered":"https:\/\/blog.otto-schmidt.de\/zkm-report\/?p=651"},"modified":"2022-09-13T18:34:44","modified_gmt":"2022-09-13T16:34:44","slug":"berufsverband-der-insolvenzverwalter-ernennt-prof-dr-hans-ulrich-heyer-zum-neuen-ombudsmann","status":"publish","type":"post","link":"https:\/\/blog.otto-schmidt.de\/zkm-report\/2022\/09\/13\/berufsverband-der-insolvenzverwalter-ernennt-prof-dr-hans-ulrich-heyer-zum-neuen-ombudsmann\/","title":{"rendered":"Berufsverband der Insolvenzverwalter ernennt Prof. Dr. Hans-Ulrich Heyer zum neuen Ombudsmann"},"content":{"rendered":"<p>Zum 1.10.2022 \u00fcbernimmt Prof. Dr. Hans-Ulrich Heyer (RiAG a.D.) das Amt des Ombudsmanns des VID. Die Amtszeit betr\u00e4gt f\u00fcnf Jahre. Prof. Dr. Heyer ist der dritte Ombudsmann seit Einrichtung der Ombudsstelle. \u201eDie Unternehmensinsolvenzzahlen sind zwar in den letzten Jahren deutlich r\u00fcckl\u00e4ufig, aber bei einigen Insolvenzverfahren \u2013 mitunter mit gro\u00dfen Gl\u00e4ubigerzahlen \u2013 kann es zu vereinzelten Beschwerden \u00fcber Insolvenzverwalter kommen. Die seit 2012 eingerichtete VID-Ombudsstelle \u00fcbernimmt hier im Konfliktfall eine wichtige Schlichtungsfunktion,\u201c so Dr. Christoph Niering, Insolvenzverwalter und Vorsitzender des Berufsverbandes der Insolvenzverwalter und Sachwalter Deutschlands (VID).<\/p>\n<p>Ab dem 1. Oktober 2022 wird Prof. Dr. Hans-Ulrich Heyer (RiAG a.D.) das Amt des Ombudsmanns des VID von seinem Vorg\u00e4nger Rudolf Vo\u00df (RiAG a.D.) \u00fcbernehmen. Heyer war als Richter an den Landgerichten Osnabr\u00fcck, Aurich und Oldenburg sowie als Richter am Amtsgericht Westerstede t\u00e4tig. Nach mehrj\u00e4hriger T\u00e4tigkeit im Referat f\u00fcr das Insolvenz- und Vollstreckungsrecht im Bundesministerium der Justiz kehrte er 1999 als Richter nach Oldenburg zur\u00fcck. Hier war er bis zu seinem Ruhestand im August dieses Jahres als Insolvenzrichter t\u00e4tig und seit 2013 stellvertretender Direktor des Amtsgerichts.<\/p>\n<p><em>Quelle: Pressemitteilung VID v.30.8.2022<\/em><\/p>\n","protected":false},"excerpt":{"rendered":"<p>Zum 1.10.2022 \u00fcbernimmt Prof. Dr. Hans-Ulrich Heyer (RiAG a.D.) das Amt des Ombudsmanns des VID. Die Amtszeit betr\u00e4gt f\u00fcnf Jahre. Prof. Dr. Heyer ist der dritte Ombudsmann seit Einrichtung der Ombudsstelle. \u201eDie Unternehmensinsolvenzzahlen sind zwar in den letzten Jahren deutlich r\u00fcckl\u00e4ufig, aber bei einigen Insolvenzverfahren \u2013 mitunter mit gro\u00dfen Gl\u00e4ubigerzahlen \u2013 kann es zu vereinzelten Beschwerden \u00fcber Insolvenzverwalter kommen. Die seit 2012 eingerichtete VID-Ombudsstelle \u00fcbernimmt hier im Konfliktfall eine wichtige Schlichtungsfunktion,\u201c so Dr. Christoph Niering, Insolvenzverwalter und Vorsitzender des Berufsverbandes der Insolvenzverwalter und Sachwalter Deutschlands (VID). Ab dem 1. Oktober 2022 wird Prof. Dr. Hans-Ulrich Heyer (RiAG a.D.) das Amt des Ombudsmanns des VID von seinem Vorg\u00e4nger Rudolf Vo\u00df (RiAG a.D.) \u00fcbernehmen. Heyer war als Richter an den Landgerichten Osnabr\u00fcck, Aurich und Oldenburg sowie als Richter am Amtsgericht Westerstede t\u00e4tig. Nach mehrj\u00e4hriger T\u00e4tigkeit im Referat f\u00fcr das Insolvenz- und Vollstreckungsrecht im Bundesministerium der Justiz kehrte er 1999 als Richter nach Oldenburg zur\u00fcck. Hier war er bis zu seinem Ruhestand im August dieses Jahres als Insolvenzrichter t\u00e4tig und seit 2013 stellvertretender Direktor des Amtsgerichts. Quelle: Pressemitteilung VID v.30.8.2022<\/p>\n","protected":false},"author":80,"featured_media":681,"comment_status":"closed","ping_status":"closed","sticky":false,"template":"","format":"standard","meta":[],"categories":[165],"tags":[169,168],"_links":{"self":[{"href":"https:\/\/blog.otto-schmidt.de\/zkm-report\/wp-json\/wp\/v2\/posts\/651"}],"collection":[{"href":"https:\/\/blog.otto-schmidt.de\/zkm-report\/wp-json\/wp\/v2\/posts"}],"about":[{"href":"https:\/\/blog.otto-schmidt.de\/zkm-report\/wp-json\/wp\/v2\/types\/post"}],"author":[{"embeddable":true,"href":"https:\/\/blog.otto-schmidt.de\/zkm-report\/wp-json\/wp\/v2\/users\/80"}],"replies":[{"embeddable":true,"href":"https:\/\/blog.otto-schmidt.de\/zkm-report\/wp-json\/wp\/v2\/comments?post=651"}],"version-history":[{"count":1,"href":"https:\/\/blog.otto-schmidt.de\/zkm-report\/wp-json\/wp\/v2\/posts\/651\/revisions"}],"predecessor-version":[{"id":652,"href":"https:\/\/blog.otto-schmidt.de\/zkm-report\/wp-json\/wp\/v2\/posts\/651\/revisions\/652"}],"wp:featuredmedia":[{"embeddable":true,"href":"https:\/\/blog.otto-schmidt.de\/zkm-report\/wp-json\/wp\/v2\/media\/681"}],"wp:attachment":[{"href":"https:\/\/blog.otto-schmidt.de\/zkm-report\/wp-json\/wp\/v2\/media?parent=651"}],"wp:term":[{"taxonomy":"category","embeddable":true,"href":"https:\/\/blog.otto-schmidt.de\/zkm-report\/wp-json\/wp\/v2\/categories?post=651"},{"taxonomy":"post_tag","embeddable":true,"href":"https:\/\/blog.otto-schmidt.de\/zkm-report\/wp-json\/wp\/v2\/tags?post=651"}],"curies":[{"name":"wp","href":"https:\/\/api.w.org\/{rel}","templated":true}]}}