{"id":663,"date":"2022-09-13T18:35:35","date_gmt":"2022-09-13T16:35:35","guid":{"rendered":"https:\/\/blog.otto-schmidt.de\/zkm-report\/?p=663"},"modified":"2022-09-13T18:35:35","modified_gmt":"2022-09-13T16:35:35","slug":"bauplanung-lehmrade-unmut-ueber-kommunikation","status":"publish","type":"post","link":"https:\/\/blog.otto-schmidt.de\/zkm-report\/2022\/09\/13\/bauplanung-lehmrade-unmut-ueber-kommunikation\/","title":{"rendered":"Bauplanung Lehmrade: Unmut \u00fcber Kommunikation"},"content":{"rendered":"<p>Neubaugebiet versus Naturschutz \u2013 diesen Interessenskonflikt erleben viele Gemeinden. In Lehmrade schlagen die Wellen seit einigen Monaten besonders hoch. Nun ist es auch zum Streit \u00fcber die vereinbarte Mediation gekommen. Die Fronten sind verh\u00e4rtet in der kleinen Gemeinde mit rund 600 Einwohnenden im S\u00fcdosten von M\u00f6lln. Wohnraum und Baupl\u00e4tze werden nachgefragt und sind in Vorplanung. Auf der anderen Seite f\u00fcrchten Natursch\u00fctzer um ein kleines Biotop in der Gemeinde und halten die Planungen f\u00fcr \u00fcberdimensioniert. Hartmut Enge ist einer von ihnen. Er hat nach eigenen Angaben bereits Unterschriften von einem Drittel der in Lehmrade lebenden Stimmberechtigten gesammelt, die sich gegen die im Raum stehenden Planungen aussprechen. In der eigens gegr\u00fcndeten B\u00fcrgerinitiative engagieren sich 35 Menschen aktiv. Ein Vorwurf: Die Planungen w\u00fcrden gegen geltendes EU-Recht versto\u00dfen.<\/p>\n<p>Im n\u00f6rdlichen Bereich der Herrenstra\u00dfe ist bereits ein relativ schmaler Streifen als Bauerwartungsland ausgewiesen. Nach den aktuellen Planungen sollen 21 Wohneinheiten auf einer Fl\u00e4che von \u00fcber 11.000 Quadratmetern entstehen.<\/p>\n<p>Die Kritiker wenden sich nicht gegen das Bauprojekt an sich, die Kritik richtet sich in erster Linie gegen das Ausma\u00df der Bauplanungen. Die Forderung ist, das Planungsgebiet zu verkleinern. Das Dorf solle gern wachsen, aber in dezentem Ma\u00dfe.<\/p>\n<p>Nach einer lebhaften Gemeinderatssitzung Anfang Juni einigten sich die Parteien, einen Mediationsprozess einzuleiten, um wieder aufeinanderzuzugehen. \u00dcber die Besetzung eines Mittlers kam es dann aber auch zum Streit. Die B\u00fcrgermeisterin von Lehmrade hatte einen ihr bekannten Architekten als Mediator hinzugeholt. Bei einem Treffen mit der B\u00fcrgerinitiative stellte sich dann heraus, dass dieser keine Ausbildung zum Mediator oder Moderator habe. Der Architekt sei, so schilderte es die B\u00fcrgerinitiative, \u201edurch seine beruflichen Verquickungen nicht neutral\u201c, und in diesem Verfahren ungeeignet. Im Gegenzug wurde vorgeschlagen, nach einem ortsfremden und professionellen Moderator zu suchen.<\/p>\n<p>Dessen ungeachtet wurden seitens der B\u00fcrgermeisterin ausschlie\u00dflich die Anwohnenden der Herrenstra\u00dfe zu einem ersten Workshop mit dem Architekt eingeladen, was bei den Kritikern des Projekts Verwunderung und \u00c4rger ausl\u00f6ste.<\/p>\n<p>Die B\u00fcrgermeisterin scheint ebenfalls nicht gl\u00fccklich mit der Situation. Der Kontakt zu dem Architekten sei eher zuf\u00e4llig entstanden, da man sich durch eine Ausschuss-Arbeit innerhalb des Amtes Breitenfelde kannte. \u201eEinen professionellen Mediator zu verpflichten, w\u00fcrde f\u00fcr die Gemeinde richtig teuer\u201c, wird die B\u00fcrgermeisterin von der Online-Zeitung ,Herzogtum direkt` zitiert.<\/p>\n<p><em>Quelle: www.herzogtum-direkt.de v. 25.8.2022<\/em><\/p>\n<p>&nbsp;<\/p>\n","protected":false},"excerpt":{"rendered":"<p>Neubaugebiet versus Naturschutz \u2013 diesen Interessenskonflikt erleben viele Gemeinden. In Lehmrade schlagen die Wellen seit einigen Monaten besonders hoch. Nun ist es auch zum Streit \u00fcber die vereinbarte Mediation gekommen. Die Fronten sind verh\u00e4rtet in der kleinen Gemeinde mit rund 600 Einwohnenden im S\u00fcdosten von M\u00f6lln. Wohnraum und Baupl\u00e4tze werden nachgefragt und sind in Vorplanung. Auf der anderen Seite f\u00fcrchten Natursch\u00fctzer um ein kleines Biotop in der Gemeinde und halten die Planungen f\u00fcr \u00fcberdimensioniert. Hartmut Enge ist einer von ihnen. Er hat nach eigenen Angaben bereits Unterschriften von einem Drittel der in Lehmrade lebenden Stimmberechtigten gesammelt, die sich gegen die im Raum stehenden Planungen aussprechen. In der eigens gegr\u00fcndeten B\u00fcrgerinitiative engagieren sich 35 Menschen aktiv. Ein Vorwurf: Die Planungen w\u00fcrden gegen geltendes EU-Recht versto\u00dfen. Im n\u00f6rdlichen Bereich der Herrenstra\u00dfe ist bereits ein relativ schmaler Streifen als Bauerwartungsland ausgewiesen. Nach den aktuellen Planungen sollen 21 Wohneinheiten auf einer Fl\u00e4che von \u00fcber 11.000 Quadratmetern entstehen. Die Kritiker wenden sich nicht gegen das Bauprojekt an sich, die Kritik richtet sich in erster Linie gegen das Ausma\u00df der Bauplanungen. Die Forderung ist, das Planungsgebiet zu verkleinern. Das Dorf solle gern wachsen, aber in dezentem Ma\u00dfe. Nach einer lebhaften Gemeinderatssitzung Anfang Juni einigten sich die [&hellip;]<\/p>\n","protected":false},"author":80,"featured_media":669,"comment_status":"closed","ping_status":"closed","sticky":false,"template":"","format":"standard","meta":[],"categories":[165],"tags":[97,8,178],"_links":{"self":[{"href":"https:\/\/blog.otto-schmidt.de\/zkm-report\/wp-json\/wp\/v2\/posts\/663"}],"collection":[{"href":"https:\/\/blog.otto-schmidt.de\/zkm-report\/wp-json\/wp\/v2\/posts"}],"about":[{"href":"https:\/\/blog.otto-schmidt.de\/zkm-report\/wp-json\/wp\/v2\/types\/post"}],"author":[{"embeddable":true,"href":"https:\/\/blog.otto-schmidt.de\/zkm-report\/wp-json\/wp\/v2\/users\/80"}],"replies":[{"embeddable":true,"href":"https:\/\/blog.otto-schmidt.de\/zkm-report\/wp-json\/wp\/v2\/comments?post=663"}],"version-history":[{"count":4,"href":"https:\/\/blog.otto-schmidt.de\/zkm-report\/wp-json\/wp\/v2\/posts\/663\/revisions"}],"predecessor-version":[{"id":676,"href":"https:\/\/blog.otto-schmidt.de\/zkm-report\/wp-json\/wp\/v2\/posts\/663\/revisions\/676"}],"wp:featuredmedia":[{"embeddable":true,"href":"https:\/\/blog.otto-schmidt.de\/zkm-report\/wp-json\/wp\/v2\/media\/669"}],"wp:attachment":[{"href":"https:\/\/blog.otto-schmidt.de\/zkm-report\/wp-json\/wp\/v2\/media?parent=663"}],"wp:term":[{"taxonomy":"category","embeddable":true,"href":"https:\/\/blog.otto-schmidt.de\/zkm-report\/wp-json\/wp\/v2\/categories?post=663"},{"taxonomy":"post_tag","embeddable":true,"href":"https:\/\/blog.otto-schmidt.de\/zkm-report\/wp-json\/wp\/v2\/tags?post=663"}],"curies":[{"name":"wp","href":"https:\/\/api.w.org\/{rel}","templated":true}]}}