{"id":733,"date":"2023-01-15T08:41:15","date_gmt":"2023-01-15T07:41:15","guid":{"rendered":"https:\/\/blog.otto-schmidt.de\/zkm-report\/?p=733"},"modified":"2023-01-15T08:41:15","modified_gmt":"2023-01-15T07:41:15","slug":"streit-um-internetportal-der-schweizer-kirchen-mit-mediation-beendet","status":"publish","type":"post","link":"https:\/\/blog.otto-schmidt.de\/zkm-report\/2023\/01\/15\/streit-um-internetportal-der-schweizer-kirchen-mit-mediation-beendet\/","title":{"rendered":"Streit um Internetportal der Schweizer Kirchen mit Mediation beendet"},"content":{"rendered":"<p>Die Schweizer Bischofskonferenz (SBK), die R\u00f6misch-Katholische Zentralkonferenz (RKZ) und das Katholische Medienzentrum haben 2022 eine Mediation durchgef\u00fchrt. Im Zentrum der Mediation standen Fragen der publizistischen T\u00e4tigkeit von kath.ch.<\/p>\n<p>Anlass f\u00fcr die Mediation war die 2021 teils kirchenintern, teils \u00f6ffentlich vermehrt ge\u00e4u\u00dferte Kritik an kath.ch: Die Themenwahl sei einseitig, und der Stil von kath.ch provoziere und polarisiere. Ein nicht unerheblicher Anteil der Kritik bezog sich auf den verantwortlichen Redaktionsleiter.<\/p>\n<p>Im Rahmen der Mediation haben sich SBK, RKZ und das Medienzentrum darauf verst\u00e4ndigt, dass ein Spannungsfeld von redaktioneller Unabh\u00e4ngigkeit und Loyalit\u00e4t gegen\u00fcber den kirchlichen Auftraggebern systemimmanent ist. Auch haben die Auftraggeber ihre Wertsch\u00e4tzung f\u00fcr die Arbeit von kath.ch ausgedr\u00fcckt und anerkannt, dass das Portal unter der Leitung des in Kritik geratenen Redakteurs an Relevanz deutlich zugelegt und in einem disruptiven Medienumfeld an Profil gewonnen hat.<\/p>\n<p>Im Rahmen des Mediationsverfahrens wurden die bestehenden Steuerungsinstrumente (Rahmen- und Redaktionsstatut, Leistungsvereinbarungen, Gespr\u00e4che mit der Fachgruppe, externe Evaluationen) diskutiert, mit denen die Auftraggeber ihre Aufgaben gegen\u00fcber den Medienzentren wahrnehmen und den Dialog mit den Medienzentren pflegen k\u00f6nnen. F\u00fcr den Fall von Differenzen oder Konflikten wurden verschiedene Optionen f\u00fcr Konfliktl\u00f6sungen aufgezeigt und vereinbart.<\/p>\n<p><em>Quelle: www.kath.ch v. 22.12.2022<\/em><\/p>\n","protected":false},"excerpt":{"rendered":"<p>Die Schweizer Bischofskonferenz (SBK), die R\u00f6misch-Katholische Zentralkonferenz (RKZ) und das Katholische Medienzentrum haben 2022 eine Mediation durchgef\u00fchrt. Im Zentrum der Mediation standen Fragen der publizistischen T\u00e4tigkeit von kath.ch. Anlass f\u00fcr die Mediation war die 2021 teils kirchenintern, teils \u00f6ffentlich vermehrt ge\u00e4u\u00dferte Kritik an kath.ch: Die Themenwahl sei einseitig, und der Stil von kath.ch provoziere und polarisiere. Ein nicht unerheblicher Anteil der Kritik bezog sich auf den verantwortlichen Redaktionsleiter. Im Rahmen der Mediation haben sich SBK, RKZ und das Medienzentrum darauf verst\u00e4ndigt, dass ein Spannungsfeld von redaktioneller Unabh\u00e4ngigkeit und Loyalit\u00e4t gegen\u00fcber den kirchlichen Auftraggebern systemimmanent ist. Auch haben die Auftraggeber ihre Wertsch\u00e4tzung f\u00fcr die Arbeit von kath.ch ausgedr\u00fcckt und anerkannt, dass das Portal unter der Leitung des in Kritik geratenen Redakteurs an Relevanz deutlich zugelegt und in einem disruptiven Medienumfeld an Profil gewonnen hat. Im Rahmen des Mediationsverfahrens wurden die bestehenden Steuerungsinstrumente (Rahmen- und Redaktionsstatut, Leistungsvereinbarungen, Gespr\u00e4che mit der Fachgruppe, externe Evaluationen) diskutiert, mit denen die Auftraggeber ihre Aufgaben gegen\u00fcber den Medienzentren wahrnehmen und den Dialog mit den Medienzentren pflegen k\u00f6nnen. F\u00fcr den Fall von Differenzen oder Konflikten wurden verschiedene Optionen f\u00fcr Konfliktl\u00f6sungen aufgezeigt und vereinbart. Quelle: www.kath.ch v. 22.12.2022<\/p>\n","protected":false},"author":80,"featured_media":745,"comment_status":"closed","ping_status":"closed","sticky":false,"template":"","format":"standard","meta":[],"categories":[146],"tags":[8,197],"_links":{"self":[{"href":"https:\/\/blog.otto-schmidt.de\/zkm-report\/wp-json\/wp\/v2\/posts\/733"}],"collection":[{"href":"https:\/\/blog.otto-schmidt.de\/zkm-report\/wp-json\/wp\/v2\/posts"}],"about":[{"href":"https:\/\/blog.otto-schmidt.de\/zkm-report\/wp-json\/wp\/v2\/types\/post"}],"author":[{"embeddable":true,"href":"https:\/\/blog.otto-schmidt.de\/zkm-report\/wp-json\/wp\/v2\/users\/80"}],"replies":[{"embeddable":true,"href":"https:\/\/blog.otto-schmidt.de\/zkm-report\/wp-json\/wp\/v2\/comments?post=733"}],"version-history":[{"count":2,"href":"https:\/\/blog.otto-schmidt.de\/zkm-report\/wp-json\/wp\/v2\/posts\/733\/revisions"}],"predecessor-version":[{"id":793,"href":"https:\/\/blog.otto-schmidt.de\/zkm-report\/wp-json\/wp\/v2\/posts\/733\/revisions\/793"}],"wp:featuredmedia":[{"embeddable":true,"href":"https:\/\/blog.otto-schmidt.de\/zkm-report\/wp-json\/wp\/v2\/media\/745"}],"wp:attachment":[{"href":"https:\/\/blog.otto-schmidt.de\/zkm-report\/wp-json\/wp\/v2\/media?parent=733"}],"wp:term":[{"taxonomy":"category","embeddable":true,"href":"https:\/\/blog.otto-schmidt.de\/zkm-report\/wp-json\/wp\/v2\/categories?post=733"},{"taxonomy":"post_tag","embeddable":true,"href":"https:\/\/blog.otto-schmidt.de\/zkm-report\/wp-json\/wp\/v2\/tags?post=733"}],"curies":[{"name":"wp","href":"https:\/\/api.w.org\/{rel}","templated":true}]}}