{"id":823,"date":"2023-03-14T21:25:17","date_gmt":"2023-03-14T20:25:17","guid":{"rendered":"https:\/\/blog.otto-schmidt.de\/zkm-report\/?p=823"},"modified":"2023-03-14T21:25:17","modified_gmt":"2023-03-14T20:25:17","slug":"dresdner-buergermeister-erfolgreiche-schlichtung-im-rathausstreit","status":"publish","type":"post","link":"https:\/\/blog.otto-schmidt.de\/zkm-report\/2023\/03\/14\/dresdner-buergermeister-erfolgreiche-schlichtung-im-rathausstreit\/","title":{"rendered":"Dresdner B\u00fcrgermeister: Erfolgreiche Schlichtung im Rathausstreit"},"content":{"rendered":"<p>Die Chefetage im Dresdner Rathaus war zuletzt zunehmend verwaist. Seit September waren f\u00fcnf der sieben Fachb\u00fcrgermeister nach Ablauf ihrer siebenj\u00e4hrigen Amtszeit ausgeschieden. Mehrere Anl\u00e4ufe zur Neubesetzung der Stellen waren an einem Machtkampf zwischen dem im Juni wiedergew\u00e4hlten Oberb\u00fcrgermeister Dirk Hilbert (FDP) und dem Stadtrat gescheitert. Die Gr\u00e4ben waren so tief, dass zuletzt, \u00e4hnlich wie in einem Tarifkampf, Schlichter mit der L\u00f6sung des Konflikts beauftragt wurden. Diese haben nun einen Vorschlag vorgelegt, der ein Jahr vor der Stadtratswahl ein bemerkenswertes politisches B\u00fcndnis installieren w\u00fcrde.<\/p>\n<p>Der Vorschlag, den das Schlichterduo aus Ex-Bundesminister Thomas de Maizi\u00e9re (CDU) und der fr\u00fcheren gr\u00fcnen Landeschefin Gunda R\u00f6stel unterbreitet hat, sieht eine Reduzierung der Zahl der Beigeordneten von sieben auf sechs vor. Gravierendste Ver\u00e4nderung ist, dass der bisher von SPD-Mann Peter Lames gef\u00fchrte Bereich Finanzen k\u00fcnftig in die Zust\u00e4ndigkeit des Oberb\u00fcrgermeisters fiele. Die \u00fcbrigen Ressorts werden neu zugeschnitten. Die Schlichter empfehlen, die vakanten Posten mit Politikern von Gr\u00fcnen, Linke und CDU zu besetzen, die danach mit je zwei Vertretern an der Rathausspitze vertreten w\u00e4ren.<\/p>\n<p><em>Quelle: www.nd-aktuell.de v. 18.1.2023<\/em><\/p>\n","protected":false},"excerpt":{"rendered":"<p>Die Chefetage im Dresdner Rathaus war zuletzt zunehmend verwaist. Seit September waren f\u00fcnf der sieben Fachb\u00fcrgermeister nach Ablauf ihrer siebenj\u00e4hrigen Amtszeit ausgeschieden. Mehrere Anl\u00e4ufe zur Neubesetzung der Stellen waren an einem Machtkampf zwischen dem im Juni wiedergew\u00e4hlten Oberb\u00fcrgermeister Dirk Hilbert (FDP) und dem Stadtrat gescheitert. Die Gr\u00e4ben waren so tief, dass zuletzt, \u00e4hnlich wie in einem Tarifkampf, Schlichter mit der L\u00f6sung des Konflikts beauftragt wurden. Diese haben nun einen Vorschlag vorgelegt, der ein Jahr vor der Stadtratswahl ein bemerkenswertes politisches B\u00fcndnis installieren w\u00fcrde. Der Vorschlag, den das Schlichterduo aus Ex-Bundesminister Thomas de Maizi\u00e9re (CDU) und der fr\u00fcheren gr\u00fcnen Landeschefin Gunda R\u00f6stel unterbreitet hat, sieht eine Reduzierung der Zahl der Beigeordneten von sieben auf sechs vor. Gravierendste Ver\u00e4nderung ist, dass der bisher von SPD-Mann Peter Lames gef\u00fchrte Bereich Finanzen k\u00fcnftig in die Zust\u00e4ndigkeit des Oberb\u00fcrgermeisters fiele. Die \u00fcbrigen Ressorts werden neu zugeschnitten. Die Schlichter empfehlen, die vakanten Posten mit Politikern von Gr\u00fcnen, Linke und CDU zu besetzen, die danach mit je zwei Vertretern an der Rathausspitze vertreten w\u00e4ren. Quelle: www.nd-aktuell.de v. 18.1.2023<\/p>\n","protected":false},"author":80,"featured_media":849,"comment_status":"closed","ping_status":"closed","sticky":false,"template":"","format":"standard","meta":[],"categories":[1,218],"tags":[230,229,231],"_links":{"self":[{"href":"https:\/\/blog.otto-schmidt.de\/zkm-report\/wp-json\/wp\/v2\/posts\/823"}],"collection":[{"href":"https:\/\/blog.otto-schmidt.de\/zkm-report\/wp-json\/wp\/v2\/posts"}],"about":[{"href":"https:\/\/blog.otto-schmidt.de\/zkm-report\/wp-json\/wp\/v2\/types\/post"}],"author":[{"embeddable":true,"href":"https:\/\/blog.otto-schmidt.de\/zkm-report\/wp-json\/wp\/v2\/users\/80"}],"replies":[{"embeddable":true,"href":"https:\/\/blog.otto-schmidt.de\/zkm-report\/wp-json\/wp\/v2\/comments?post=823"}],"version-history":[{"count":1,"href":"https:\/\/blog.otto-schmidt.de\/zkm-report\/wp-json\/wp\/v2\/posts\/823\/revisions"}],"predecessor-version":[{"id":824,"href":"https:\/\/blog.otto-schmidt.de\/zkm-report\/wp-json\/wp\/v2\/posts\/823\/revisions\/824"}],"wp:featuredmedia":[{"embeddable":true,"href":"https:\/\/blog.otto-schmidt.de\/zkm-report\/wp-json\/wp\/v2\/media\/849"}],"wp:attachment":[{"href":"https:\/\/blog.otto-schmidt.de\/zkm-report\/wp-json\/wp\/v2\/media?parent=823"}],"wp:term":[{"taxonomy":"category","embeddable":true,"href":"https:\/\/blog.otto-schmidt.de\/zkm-report\/wp-json\/wp\/v2\/categories?post=823"},{"taxonomy":"post_tag","embeddable":true,"href":"https:\/\/blog.otto-schmidt.de\/zkm-report\/wp-json\/wp\/v2\/tags?post=823"}],"curies":[{"name":"wp","href":"https:\/\/api.w.org\/{rel}","templated":true}]}}