{"id":876,"date":"2023-05-14T12:37:02","date_gmt":"2023-05-14T10:37:02","guid":{"rendered":"https:\/\/blog.otto-schmidt.de\/zkm-report\/?p=876"},"modified":"2023-05-14T12:37:02","modified_gmt":"2023-05-14T10:37:02","slug":"zeitenwenden-und-mediation-hochkaraetige-redner-zur-diesjaehrigen-verleihung-der-mediationspreise","status":"publish","type":"post","link":"https:\/\/blog.otto-schmidt.de\/zkm-report\/2023\/05\/14\/zeitenwenden-und-mediation-hochkaraetige-redner-zur-diesjaehrigen-verleihung-der-mediationspreise\/","title":{"rendered":"Zeitenwende(n) und Mediation &#8211; hochkar\u00e4tige Redner zur diesj\u00e4hrigen Verleihung der Mediationspreise"},"content":{"rendered":"<p><em>Auch im aktuellen Preiszyklus hat sich die international und interdisziplin\u00e4r besetzte Jury der Centrale f\u00fcr Mediation mit hochkar\u00e4tigen Bewerbungen in den Kategorien Wissenschaftspreis, F\u00f6rderpreis und Sokrates-Preis befasst. Die Ehrung der drei ermittelten Preistr\u00e4gerinnen und Preistr\u00e4ger wird eingebettet in ein gesellschaftspolitisches Rahmenprogramm unter dem Motto<\/em><em> <strong>Zeitenwende(n) und Mediation &#8211; Krieg, Klimawandel, K\u00fcnstliche Intelligenz und ihre Auswirkungen auf das Instrument der Vermittlung.<\/strong><\/em><\/p>\n<p>Die 2022 im Angesicht des Angriffskriegs ausgerufene \u201eZeitenwende\u201c betrifft gleich mehrere Transformationsfelder unserer Gesellschaft. Die Entwicklungen und Ver\u00e4nderungen sind so grundlegend und folgenreich, dass Strukturen und Menschen nicht recht gewappnet sind, um mit der neuen Situation umzugehen. Dadurch entstehen Spannungen, Ambivalenzen und Konflikte. Die strukturierte Vermittlung dieser Konflikte und die Gestaltung von Prozessen durch Mediation k\u00f6nnten eine wertvolle Rolle spielen, begegnen aber offenkundig Vorbehalten und Widerst\u00e4nden. \u00dcber diese Einsatzchancen und -h\u00fcrden von Vermittlung in drei dieser Kontexte sollen Impulsreferate und Interviews mit interessanten G\u00e4sten informieren \u2013 und damit einen tagesaktuellen, anregenden Rahmen f\u00fcr die feierlichen Laudationes f\u00fcr den Wissenschafts-, F\u00f6rder- und Sokrates-Preis bieten.<\/p>\n<p>Den Einstieg bietet das Thema <strong>Klima<\/strong>: Wie ist es mit dem ambitionierten Projekt \u201eGerman Zero\u201c weitergegangen? Welche Rolle spielen die Informationen, Optionen und Ans\u00e4tze, die zur Erreichung der Klimaziele in die aktuelle Legislatur eingespeist werden konnten? Zu diesen Themen sprechen <strong>Prof. Dr. Stephan Breidenbach<\/strong> und <strong>Dr. Felix Wendenburg<\/strong> mit Vertretern der Klimabewegung (aktuelle angefragt ist <strong>Luisa Neubauer)<\/strong>.<\/p>\n<p>Der Wechsel zu den Themen <strong>K\u00fcnstliche Intelligenz und Digitalit\u00e4t<\/strong> ist nahtlos: Auch hier geht es um zukunftsgerichtete Szenarienentwicklung. Die Anwendung von Technologien wie k\u00fcnstlicher Intelligenz und virtueller Realit\u00e4t in die Praxis der Konfliktbearbeitung nimmt zu, gerade auf dem internationalen Feld. Einblicke in ihre praktische und wissenschaftliche Arbeit an diesen Zukunftshemen bieten Jurymitglied <strong>Dr. Felix Steffek<\/strong> von der Universit\u00e4t Cambridge und <strong>Dr. Martin W\u00e4hlisch<\/strong>, Leiter des Innovationsteams in der UN Hauptabteilung f\u00fcr Politische Angelegenheiten und Friedenskonsolidierung (UN DPPA) in New York.<\/p>\n<p>Der von Russland initiierte <strong>Krieg<\/strong> in der Ukraine ist Hintergrund und zentrale Bezugsfolie des Begriffs der \u201eZeitenwende\u201c und ein historischer Kipp-Punkt in mehrfacher Hinsicht, gerade auch mit Blick auf nicht-milit\u00e4rische Krisenreaktionen. Auch in anderen L\u00e4nderkontexten wie Israel und der Sahel-Zone sto\u00dfen Vermittlungskonzepte an Grenzen \u2013 und werden gleichzeitig dringend gebraucht. Einblicke in den aktuellen Stand der Dinge aus der Perspektive der ukrainischen Zivilgesellschaft bieten <strong>Olga Andrienko-Bentz<\/strong> und <strong>Dr. Tetiana Kyselova. <\/strong>\u00dcber ihren Weg von der Friedensmediation in Br\u00fcssel zum Chief of Staff einer Anti-Terror Mission der EU in der Sahel-Zone berichtet<strong> Dr. Antje Herrberg. <\/strong>Im Gespr\u00e4ch mit <strong>Steffen Seibert<\/strong>, dem deutschen Botschafter in Israel, wird ein regionalspezifischer und bilanzieller Blick darauf geworfen, wie es um die Umsetzung der Zeitenwende \u2013 und wie es um die Vermittlung \u2013 steht.<\/p>\n<p>Konzeption und Moderation der Veranstaltung mit Preistr\u00e4gern, Mitgliedern der Jury, G\u00e4sten und Interviewpartnern liegen in den H\u00e4nden des Juryvorsitzenden <strong>Prof. Dr. Lars. Kirchhoff<\/strong> von der Europa-Universit\u00e4t Viadrina, deren Institut f\u00fcr Konfliktmanagement sich seit 15 Jahren der praxisorientierten Forschung auf dem Feld von Konflikt, Dialog und Vermittlung widmet.<\/p>\n<p>Die Veranstaltung findet am <strong>14. Juni 2023 (17-19 Uhr)<\/strong> in einem offenen Online-Event statt. Seien Sie live dabei! Hier geht es zur <strong><a href=\"https:\/\/www.otto-schmidt.de\/seminare\/ausbildung-mediation\/zeitenwenden-und-mediation\">kostenlosen Registrierung<\/a><\/strong>.<\/p>\n<p>&nbsp;<\/p>\n","protected":false},"excerpt":{"rendered":"<p>Auch im aktuellen Preiszyklus hat sich die international und interdisziplin\u00e4r besetzte Jury der Centrale f\u00fcr Mediation mit hochkar\u00e4tigen Bewerbungen in den Kategorien Wissenschaftspreis, F\u00f6rderpreis und Sokrates-Preis befasst. Die Ehrung der drei ermittelten Preistr\u00e4gerinnen und Preistr\u00e4ger wird eingebettet in ein gesellschaftspolitisches Rahmenprogramm unter dem Motto Zeitenwende(n) und Mediation &#8211; Krieg, Klimawandel, K\u00fcnstliche Intelligenz und ihre Auswirkungen auf das Instrument der Vermittlung. Die 2022 im Angesicht des Angriffskriegs ausgerufene \u201eZeitenwende\u201c betrifft gleich mehrere Transformationsfelder unserer Gesellschaft. Die Entwicklungen und Ver\u00e4nderungen sind so grundlegend und folgenreich, dass Strukturen und Menschen nicht recht gewappnet sind, um mit der neuen Situation umzugehen. Dadurch entstehen Spannungen, Ambivalenzen und Konflikte. Die strukturierte Vermittlung dieser Konflikte und die Gestaltung von Prozessen durch Mediation k\u00f6nnten eine wertvolle Rolle spielen, begegnen aber offenkundig Vorbehalten und Widerst\u00e4nden. \u00dcber diese Einsatzchancen und -h\u00fcrden von Vermittlung in drei dieser Kontexte sollen Impulsreferate und Interviews mit interessanten G\u00e4sten informieren \u2013 und damit einen tagesaktuellen, anregenden Rahmen f\u00fcr die feierlichen Laudationes f\u00fcr den Wissenschafts-, F\u00f6rder- und Sokrates-Preis bieten. Den Einstieg bietet das Thema Klima: Wie ist es mit dem ambitionierten Projekt \u201eGerman Zero\u201c weitergegangen? Welche Rolle spielen die Informationen, Optionen und Ans\u00e4tze, die zur Erreichung der Klimaziele in die aktuelle Legislatur eingespeist werden konnten? Zu [&hellip;]<\/p>\n","protected":false},"author":80,"featured_media":877,"comment_status":"closed","ping_status":"closed","sticky":false,"template":"","format":"standard","meta":[],"categories":[240],"tags":[249,248],"_links":{"self":[{"href":"https:\/\/blog.otto-schmidt.de\/zkm-report\/wp-json\/wp\/v2\/posts\/876"}],"collection":[{"href":"https:\/\/blog.otto-schmidt.de\/zkm-report\/wp-json\/wp\/v2\/posts"}],"about":[{"href":"https:\/\/blog.otto-schmidt.de\/zkm-report\/wp-json\/wp\/v2\/types\/post"}],"author":[{"embeddable":true,"href":"https:\/\/blog.otto-schmidt.de\/zkm-report\/wp-json\/wp\/v2\/users\/80"}],"replies":[{"embeddable":true,"href":"https:\/\/blog.otto-schmidt.de\/zkm-report\/wp-json\/wp\/v2\/comments?post=876"}],"version-history":[{"count":5,"href":"https:\/\/blog.otto-schmidt.de\/zkm-report\/wp-json\/wp\/v2\/posts\/876\/revisions"}],"predecessor-version":[{"id":918,"href":"https:\/\/blog.otto-schmidt.de\/zkm-report\/wp-json\/wp\/v2\/posts\/876\/revisions\/918"}],"wp:featuredmedia":[{"embeddable":true,"href":"https:\/\/blog.otto-schmidt.de\/zkm-report\/wp-json\/wp\/v2\/media\/877"}],"wp:attachment":[{"href":"https:\/\/blog.otto-schmidt.de\/zkm-report\/wp-json\/wp\/v2\/media?parent=876"}],"wp:term":[{"taxonomy":"category","embeddable":true,"href":"https:\/\/blog.otto-schmidt.de\/zkm-report\/wp-json\/wp\/v2\/categories?post=876"},{"taxonomy":"post_tag","embeddable":true,"href":"https:\/\/blog.otto-schmidt.de\/zkm-report\/wp-json\/wp\/v2\/tags?post=876"}],"curies":[{"name":"wp","href":"https:\/\/api.w.org\/{rel}","templated":true}]}}