{"id":975,"date":"2023-07-14T12:28:39","date_gmt":"2023-07-14T10:28:39","guid":{"rendered":"https:\/\/blog.otto-schmidt.de\/zkm-report\/?p=975"},"modified":"2023-07-14T12:28:39","modified_gmt":"2023-07-14T10:28:39","slug":"novelle-der-zertifizierungsverordnung-tritt-zum-1-maerz-2024-in-kraft","status":"publish","type":"post","link":"https:\/\/blog.otto-schmidt.de\/zkm-report\/2023\/07\/14\/novelle-der-zertifizierungsverordnung-tritt-zum-1-maerz-2024-in-kraft\/","title":{"rendered":"Novelle der Zertifizierungsverordnung tritt zum 1. M\u00e4rz 2024 in Kraft"},"content":{"rendered":"<p>Bundesjustizminister Dr. Marco Buschmann hat die \u00c4nderung der Zertifizierte-Mediatoren-Ausbildungsverordnung unterzeichnet. Die zweite Novelle der ZMediatAusbV tritt zum 1. M\u00e4rz 2024 in Kraft.<\/p>\n<p>Mit Ausnahme des Inkrafttretens, das urspr\u00fcnglich f\u00fcr den 1. Januar 2024 vorgesehen war, gibt es keine \u00c4nderungen zum Referentenentwurf, der am 14. M\u00e4rz ver\u00f6ffentlicht wurde, wir berichteten dar\u00fcber (siehe Link unten).<\/p>\n<p>Inhaltlich sieht die Verordnung lediglich punktuelle \u00c4nderungen gegen\u00fcber der bestehenden Rechtslage vor:<\/p>\n<ul>\n<li>Die bislang dem theoretischen Ausbildungslehrgang nachgelagerten vier Praxisf\u00e4lle sowie vier Supervisionen werden zeitlich vorgezogen und in die Ausbildung integriert.<\/li>\n<li>Die Ausbildungsinstitute sollen die Teilnahme an einer den Anforderungen entsprechenden Ausbildung bescheinigen. Die Bescheinigung ist Voraussetzung daf\u00fcr, dass sich eine Mediatorin bzw. ein Mediator als \u201ezertifiziert\u201c bezeichnen darf. Die Berechtigung, sich als \u201ezertifiziert\u201c zu bezeichnen, entf\u00e4llt, wenn die nach der Verordnung vorgeschriebenen Fortbildungen nicht oder nicht fristgerecht durchgef\u00fchrt werden.<\/li>\n<\/ul>\n<p>Zudem regelt die Verordnung ausdr\u00fccklich, welcher Teil des Ausbildungslehrgangs ausschlie\u00dflich in physischer Pr\u00e4senz und welcher auch in Online-Formaten durchgef\u00fchrt werden darf. Ferner wird der Katalog der Lerninhalte erweitert um die Punkte Digitalkompetenz und Kompetenz zur Durchf\u00fchrung von Online-Mediationen. Schlie\u00dflich wird es k\u00fcnftigen Ausbildungsteilnehmenden freigestellt sein, ob sie die zu absolvierenden Supervisionen in Einzel- oder in Gruppensupervisionen durchf\u00fchren.<\/p>\n<p><em>Quelle: Pressemitteilung BMJ vom 13. Juli 2023<\/em><\/p>\n","protected":false},"excerpt":{"rendered":"<p>Bundesjustizminister Dr. Marco Buschmann hat die \u00c4nderung der Zertifizierte-Mediatoren-Ausbildungsverordnung unterzeichnet. Die zweite Novelle der ZMediatAusbV tritt zum 1. M\u00e4rz 2024 in Kraft. Mit Ausnahme des Inkrafttretens, das urspr\u00fcnglich f\u00fcr den 1. Januar 2024 vorgesehen war, gibt es keine \u00c4nderungen zum Referentenentwurf, der am 14. M\u00e4rz ver\u00f6ffentlicht wurde, wir berichteten dar\u00fcber (siehe Link unten). Inhaltlich sieht die Verordnung lediglich punktuelle \u00c4nderungen gegen\u00fcber der bestehenden Rechtslage vor: Die bislang dem theoretischen Ausbildungslehrgang nachgelagerten vier Praxisf\u00e4lle sowie vier Supervisionen werden zeitlich vorgezogen und in die Ausbildung integriert. Die Ausbildungsinstitute sollen die Teilnahme an einer den Anforderungen entsprechenden Ausbildung bescheinigen. Die Bescheinigung ist Voraussetzung daf\u00fcr, dass sich eine Mediatorin bzw. ein Mediator als \u201ezertifiziert\u201c bezeichnen darf. Die Berechtigung, sich als \u201ezertifiziert\u201c zu bezeichnen, entf\u00e4llt, wenn die nach der Verordnung vorgeschriebenen Fortbildungen nicht oder nicht fristgerecht durchgef\u00fchrt werden. Zudem regelt die Verordnung ausdr\u00fccklich, welcher Teil des Ausbildungslehrgangs ausschlie\u00dflich in physischer Pr\u00e4senz und welcher auch in Online-Formaten durchgef\u00fchrt werden darf. Ferner wird der Katalog der Lerninhalte erweitert um die Punkte Digitalkompetenz und Kompetenz zur Durchf\u00fchrung von Online-Mediationen. Schlie\u00dflich wird es k\u00fcnftigen Ausbildungsteilnehmenden freigestellt sein, ob sie die zu absolvierenden Supervisionen in Einzel- oder in Gruppensupervisionen durchf\u00fchren. Quelle: Pressemitteilung BMJ vom 13. Juli 2023<\/p>\n","protected":false},"author":80,"featured_media":494,"comment_status":"closed","ping_status":"closed","sticky":false,"template":"","format":"standard","meta":[],"categories":[255],"tags":[23,59,58],"_links":{"self":[{"href":"https:\/\/blog.otto-schmidt.de\/zkm-report\/wp-json\/wp\/v2\/posts\/975"}],"collection":[{"href":"https:\/\/blog.otto-schmidt.de\/zkm-report\/wp-json\/wp\/v2\/posts"}],"about":[{"href":"https:\/\/blog.otto-schmidt.de\/zkm-report\/wp-json\/wp\/v2\/types\/post"}],"author":[{"embeddable":true,"href":"https:\/\/blog.otto-schmidt.de\/zkm-report\/wp-json\/wp\/v2\/users\/80"}],"replies":[{"embeddable":true,"href":"https:\/\/blog.otto-schmidt.de\/zkm-report\/wp-json\/wp\/v2\/comments?post=975"}],"version-history":[{"count":1,"href":"https:\/\/blog.otto-schmidt.de\/zkm-report\/wp-json\/wp\/v2\/posts\/975\/revisions"}],"predecessor-version":[{"id":976,"href":"https:\/\/blog.otto-schmidt.de\/zkm-report\/wp-json\/wp\/v2\/posts\/975\/revisions\/976"}],"wp:featuredmedia":[{"embeddable":true,"href":"https:\/\/blog.otto-schmidt.de\/zkm-report\/wp-json\/wp\/v2\/media\/494"}],"wp:attachment":[{"href":"https:\/\/blog.otto-schmidt.de\/zkm-report\/wp-json\/wp\/v2\/media?parent=975"}],"wp:term":[{"taxonomy":"category","embeddable":true,"href":"https:\/\/blog.otto-schmidt.de\/zkm-report\/wp-json\/wp\/v2\/categories?post=975"},{"taxonomy":"post_tag","embeddable":true,"href":"https:\/\/blog.otto-schmidt.de\/zkm-report\/wp-json\/wp\/v2\/tags?post=975"}],"curies":[{"name":"wp","href":"https:\/\/api.w.org\/{rel}","templated":true}]}}